{"id":33187,"date":"2021-06-23T17:00:00","date_gmt":"2021-06-23T15:00:00","guid":{"rendered":"https:\/\/www.timevision.it\/news\/?p=33187"},"modified":"2021-06-23T16:14:57","modified_gmt":"2021-06-23T14:14:57","slug":"politiche-attive-del-lavoro-del-pnrr-nel-2021-i-primi-400-milioni","status":"publish","type":"post","link":"https:\/\/www.timevision.it\/news\/aziende\/nuove-assunzioni-aziende\/incentivi-allassunzione\/politiche-attive-del-lavoro-del-pnrr-nel-2021-i-primi-400-milioni\/","title":{"rendered":"Politiche attive del lavoro del pnrr: nel 2021 i primi 400 milioni"},"content":{"rendered":"\n<p>Nel <a href=\"https:\/\/www.governo.it\/sites\/governo.it\/files\/PNRR_3.pdf\" target=\"_blank\" rel=\"noreferrer noopener\">Pnrr<\/a> il peso per le politiche attive del lavoro, lo abbiamo detto spesso in articoli precedenti, \u00e8 di <strong>4,4 miliardi di euro<\/strong>. Si tratta di un programma specifico, la misura 5, che avr\u00e0 i suoi benefici nei prossimi cinque anni. Ma quali saranno gli effetti e i primi risultati del 2021?<\/p>\n\n\n\n<h2 class=\"wp-block-heading\" id=\"h-le-priorit-delle-politiche-attive-del-lavoro-del-2021\">Le priorit\u00e0 delle politiche attive del lavoro del 2021<\/h2>\n\n\n\n<p>La data di partenza messa dal Governo Draghi per le misure di politiche attive del lavoro \u00e8 l&#8217;ultimo trimestre del 2021. Entro la fine dell&#8217;anno, quindi, dovranno essere attivate misure di sostegno al lavoro per un valore complessivo di <strong>400 milioni di euro.<\/strong> <\/p>\n\n\n\n<p>Quali saranno le priorit\u00e0 del Governo per questo primo blocco di investimenti? Sicuramente c&#8217;\u00e8 intenzione di:<\/p>\n\n\n\n<ul class=\"wp-block-list\"><li>continuare a finanziare percorsi di formazione, inseriti anche nei piani incentivati dell&#8217;ultimo periodo, come ad esempio il Fondo Nuove Competenze<\/li><li>cos\u00ec come c&#8217;\u00e8 intenzione di potenziare le attivit\u00e0 dei centri per l&#8217;impiego<\/li><\/ul>\n\n\n\n<h3 class=\"wp-block-heading\" id=\"h-le-misure-per-il-lavoro-negli-anni-successivi\">Le misure per il lavoro negli anni successivi<\/h3>\n\n\n\n<p>E poi? Cosa accadr\u00e0 dopo il primo blocco degli investimenti di 400 milioni di euro del 2021 per le misure di politiche attive del lavoro? <\/p>\n\n\n\n<p>Le intenzioni, da questo punto di vista, sono pi\u00f9 chiare: ogni anno, f<strong>ino al 2026 sar\u00e0 investito un miliardo di euro per<\/strong>:<\/p>\n\n\n\n<ul class=\"wp-block-list\"><li>politiche attive del lavoro<\/li><li><a href=\"https:\/\/www.timevision.it\/news\/persone\/lavoro\/cosa-e-gol-laltra-faccia-delle-politiche-attive-del-lavoro\/\" target=\"_blank\" rel=\"noreferrer noopener\">Garanzia di Occupabilit\u00e0 dei Lavoratori <\/a><\/li><\/ul>\n\n\n\n<p>Quest&#8217;ultima misura, inserita nel Pnrr tra le novit\u00e0,  non \u00e8 altro che un <strong>sistema di presa in carico<\/strong> di:<\/p>\n\n\n\n<ul class=\"wp-block-list\"><li>disoccupati<\/li><li>percettori di Naspi<\/li><li>reddito di cittadinanza<\/li><li>cassa integrazione straordinaria<\/li><\/ul>\n\n\n\n<p>Per ognuno di questi profili il\u00a0<strong>programma GOL<\/strong>\u00a0traccer\u00e0 sia l\u2019iniziale percorso di formazione personalizzata per la riqualificazione delle competenze, che l\u2019accompagnamento al lavoro.<\/p>\n\n\n\n<h2 class=\"wp-block-heading\" id=\"h-politiche-attive-del-lavoro-gli-altri-interventi\">Politiche attive del lavoro: gli altri interventi<\/h2>\n\n\n\n<p>Ma ci sono anche altri investimenti, inseriti nel Pnrr, e che riguardano il mercato del lavoro. Vediamoli nel dettaglio:<\/p>\n\n\n\n<ul class=\"wp-block-list\"><li>il sistema di <strong>formazione duale<\/strong>, ovvero il cosiddetto <strong>apprendimento on the job, <\/strong>per il quale ci sono <strong>220 milioni <\/strong>di euro soltanto nel 2021 (su un totale di 600)<\/li><li>il servizio civile universale che in questo anno ricever\u00e0 216 milioni (che diventeranno 650 entro il 2023<\/li><\/ul>\n\n\n\n<h2 class=\"wp-block-heading\" id=\"h-emergenza-lavoro-ecco-il-perch-delle-scelte-del-governo\">Emergenza lavoro: ecco il perch\u00e9 delle scelte del Governo<\/h2>\n\n\n\n<p>Dopo aver analizzato nel dettaglio i primi interventi delle politiche attive del lavoro e di riforma, in generale, del mercato del lavoro, resta da fare una considerazione: nel 2021 non sono previsti interventi dal Pnrr in altri settori.<\/p>\n\n\n\n<p>Dal 2022 partiranno, infatti, gli investimenti per quello che riguarda:<\/p>\n\n\n\n<ul class=\"wp-block-list\"><li>famiglie<\/li><li>infrastrutture sociali<\/li><li>terzo settore e comunit\u00e0<\/li><li>rigenerazione urbana<\/li><\/ul>\n\n\n\n<p>Cosa significa questo? Significa che la questione lavoro rappresenta, a pieno titolo, un&#8217;emergenza da affrontare e su cui intervenire nel minore tempo possibile.<\/p>\n\n\n\n<p><strong>Se vuoi conoscere tutte le possibilit\u00e0 per la tua azienda per accedere a percorsi di politiche attive del lavoro, compila il form in pagina: i consulenti Time Vision sapranno indicare il percorso pi\u00f9 adatto alle tue esigenze e ai tuoi obiettivi. <\/strong><\/p>\n","protected":false},"excerpt":{"rendered":"<p>Nel Pnrr il peso per le politiche attive del lavoro, lo abbiamo detto spesso in articoli precedenti, \u00e8 di 4,4 miliardi di euro. Si tratta di un programma specifico, la misura 5, che avr\u00e0 i suoi benefici nei prossimi cinque anni. Ma quali saranno gli effetti e i primi risultati del 2021? Le priorit\u00e0 delle&#8230;<\/p>\n","protected":false},"author":11,"featured_media":33189,"comment_status":"open","ping_status":"open","sticky":false,"template":"","format":"standard","meta":{"_acf_changed":false,"content-type":"","inline_featured_image":false,"_themeisle_gutenberg_block_has_review":false,"footnotes":""},"categories":[489],"tags":[975,961,708],"class_list":["post-33187","post","type-post","status-publish","format-standard","has-post-thumbnail","hentry","category-incentivi-allassunzione","tag-pnrr-politiche-attive-del-lavoro","tag-politiche-attive-del-lavoro","tag-programma-gol"],"acf":[],"yoast_head":"<!-- This site is optimized with the Yoast SEO Premium plugin v19.5 (Yoast SEO v25.6) - https:\/\/yoast.com\/wordpress\/plugins\/seo\/ -->\n<title>Politiche attive del lavoro del pnrr: nel 2021 i primi 400 milioni - News Formazione<\/title>\n<meta name=\"description\" content=\"Le politiche attive del lavoro nel Pnrr hanno una copertura di 4,4 miliardi di euro per i prossimi 5 anni. Ma cosa accadr\u00e0 nel 2021?\" \/>\n<meta name=\"robots\" content=\"index, follow, max-snippet:-1, max-image-preview:large, max-video-preview:-1\" \/>\n<link rel=\"canonical\" href=\"https:\/\/www.timevision.it\/news\/aziende\/nuove-assunzioni-aziende\/incentivi-allassunzione\/politiche-attive-del-lavoro-del-pnrr-nel-2021-i-primi-400-milioni\/\" \/>\n<meta property=\"og:locale\" content=\"it_IT\" \/>\n<meta property=\"og:type\" content=\"article\" \/>\n<meta property=\"og:title\" content=\"Politiche attive del lavoro del pnrr: nel 2021 i primi 400 milioni\" \/>\n<meta property=\"og:description\" content=\"Le politiche attive del lavoro nel Pnrr hanno una copertura di 4,4 miliardi di euro per i prossimi 5 anni. Ma cosa accadr\u00e0 nel 2021?\" \/>\n<meta property=\"og:url\" content=\"https:\/\/www.timevision.it\/news\/aziende\/nuove-assunzioni-aziende\/incentivi-allassunzione\/politiche-attive-del-lavoro-del-pnrr-nel-2021-i-primi-400-milioni\/\" \/>\n<meta property=\"og:site_name\" content=\"News Formazione\" \/>\n<meta property=\"article:publisher\" content=\"https:\/\/www.facebook.com\/timevision\" \/>\n<meta property=\"article:author\" content=\"https:\/\/www.facebook.com\/diletta.turco\" \/>\n<meta property=\"article:published_time\" content=\"2021-06-23T15:00:00+00:00\" \/>\n<meta property=\"og:image\" content=\"https:\/\/www.timevision.it\/news\/wp-content\/uploads\/2021\/06\/politiche_attive_del_lavoro_del_pnrr_nel_2021_i_primi_400_milioni.jpg\" \/>\n\t<meta property=\"og:image:width\" content=\"1600\" \/>\n\t<meta property=\"og:image:height\" content=\"900\" \/>\n\t<meta property=\"og:image:type\" content=\"image\/jpeg\" \/>\n<meta name=\"author\" content=\"Diletta Turco\" \/>\n<meta name=\"twitter:card\" content=\"summary_large_image\" \/>\n<meta name=\"twitter:creator\" content=\"@DilettaTurco\" \/>\n<meta name=\"twitter:site\" content=\"@time_vision\" \/>\n<meta name=\"twitter:label1\" content=\"Scritto da\" \/>\n\t<meta name=\"twitter:data1\" content=\"Diletta Turco\" \/>\n\t<meta name=\"twitter:label2\" content=\"Tempo di lettura stimato\" \/>\n\t<meta name=\"twitter:data2\" content=\"3 minuti\" \/>\n<!-- \/ Yoast SEO Premium plugin. -->","yoast_head_json":{"title":"Politiche attive del lavoro del pnrr: nel 2021 i primi 400 milioni - News Formazione","description":"Le politiche attive del lavoro nel Pnrr hanno una copertura di 4,4 miliardi di euro per i prossimi 5 anni. Ma cosa accadr\u00e0 nel 2021?","robots":{"index":"index","follow":"follow","max-snippet":"max-snippet:-1","max-image-preview":"max-image-preview:large","max-video-preview":"max-video-preview:-1"},"canonical":"https:\/\/www.timevision.it\/news\/aziende\/nuove-assunzioni-aziende\/incentivi-allassunzione\/politiche-attive-del-lavoro-del-pnrr-nel-2021-i-primi-400-milioni\/","og_locale":"it_IT","og_type":"article","og_title":"Politiche attive del lavoro del pnrr: nel 2021 i primi 400 milioni","og_description":"Le politiche attive del lavoro nel Pnrr hanno una copertura di 4,4 miliardi di euro per i prossimi 5 anni. Ma cosa accadr\u00e0 nel 2021?","og_url":"https:\/\/www.timevision.it\/news\/aziende\/nuove-assunzioni-aziende\/incentivi-allassunzione\/politiche-attive-del-lavoro-del-pnrr-nel-2021-i-primi-400-milioni\/","og_site_name":"News Formazione","article_publisher":"https:\/\/www.facebook.com\/timevision","article_author":"https:\/\/www.facebook.com\/diletta.turco","article_published_time":"2021-06-23T15:00:00+00:00","og_image":[{"width":1600,"height":900,"url":"https:\/\/www.timevision.it\/news\/wp-content\/uploads\/2021\/06\/politiche_attive_del_lavoro_del_pnrr_nel_2021_i_primi_400_milioni.jpg","type":"image\/jpeg"}],"author":"Diletta Turco","twitter_card":"summary_large_image","twitter_creator":"@DilettaTurco","twitter_site":"@time_vision","twitter_misc":{"Scritto da":"Diletta Turco","Tempo di lettura stimato":"3 minuti"},"schema":{"@context":"https:\/\/schema.org","@graph":[{"@type":"Article","@id":"https:\/\/www.timevision.it\/news\/aziende\/nuove-assunzioni-aziende\/incentivi-allassunzione\/politiche-attive-del-lavoro-del-pnrr-nel-2021-i-primi-400-milioni\/#article","isPartOf":{"@id":"https:\/\/www.timevision.it\/news\/aziende\/nuove-assunzioni-aziende\/incentivi-allassunzione\/politiche-attive-del-lavoro-del-pnrr-nel-2021-i-primi-400-milioni\/"},"author":{"name":"Diletta Turco","@id":"https:\/\/www.timevision.it\/news\/#\/schema\/person\/5a1041a51d0449213a1d41fc9525dce0"},"headline":"Politiche attive del lavoro del pnrr: nel 2021 i primi 400 milioni","datePublished":"2021-06-23T15:00:00+00:00","mainEntityOfPage":{"@id":"https:\/\/www.timevision.it\/news\/aziende\/nuove-assunzioni-aziende\/incentivi-allassunzione\/politiche-attive-del-lavoro-del-pnrr-nel-2021-i-primi-400-milioni\/"},"wordCount":469,"commentCount":0,"publisher":{"@id":"https:\/\/www.timevision.it\/news\/#organization"},"image":{"@id":"https:\/\/www.timevision.it\/news\/aziende\/nuove-assunzioni-aziende\/incentivi-allassunzione\/politiche-attive-del-lavoro-del-pnrr-nel-2021-i-primi-400-milioni\/#primaryimage"},"thumbnailUrl":"https:\/\/www.timevision.it\/news\/wp-content\/uploads\/2021\/06\/politiche_attive_del_lavoro_del_pnrr_nel_2021_i_primi_400_milioni.jpg","keywords":["pnrr politiche attive del lavoro","politiche attive del lavoro","programma gol"],"articleSection":["Incentivi all'assunzione"],"inLanguage":"it-IT","copyrightYear":"2021","copyrightHolder":{"@id":"https:\/\/www.timevision.it\/news\/#organization"}},{"@type":"WebPage","@id":"https:\/\/www.timevision.it\/news\/aziende\/nuove-assunzioni-aziende\/incentivi-allassunzione\/politiche-attive-del-lavoro-del-pnrr-nel-2021-i-primi-400-milioni\/","url":"https:\/\/www.timevision.it\/news\/aziende\/nuove-assunzioni-aziende\/incentivi-allassunzione\/politiche-attive-del-lavoro-del-pnrr-nel-2021-i-primi-400-milioni\/","name":"Politiche attive del lavoro del pnrr: nel 2021 i primi 400 milioni - News Formazione","isPartOf":{"@id":"https:\/\/www.timevision.it\/news\/#website"},"primaryImageOfPage":{"@id":"https:\/\/www.timevision.it\/news\/aziende\/nuove-assunzioni-aziende\/incentivi-allassunzione\/politiche-attive-del-lavoro-del-pnrr-nel-2021-i-primi-400-milioni\/#primaryimage"},"image":{"@id":"https:\/\/www.timevision.it\/news\/aziende\/nuove-assunzioni-aziende\/incentivi-allassunzione\/politiche-attive-del-lavoro-del-pnrr-nel-2021-i-primi-400-milioni\/#primaryimage"},"thumbnailUrl":"https:\/\/www.timevision.it\/news\/wp-content\/uploads\/2021\/06\/politiche_attive_del_lavoro_del_pnrr_nel_2021_i_primi_400_milioni.jpg","datePublished":"2021-06-23T15:00:00+00:00","description":"Le politiche attive del lavoro nel Pnrr hanno una copertura di 4,4 miliardi di euro per i prossimi 5 anni. Ma cosa accadr\u00e0 nel 2021?","breadcrumb":{"@id":"https:\/\/www.timevision.it\/news\/aziende\/nuove-assunzioni-aziende\/incentivi-allassunzione\/politiche-attive-del-lavoro-del-pnrr-nel-2021-i-primi-400-milioni\/#breadcrumb"},"inLanguage":"it-IT","potentialAction":[{"@type":"ReadAction","target":["https:\/\/www.timevision.it\/news\/aziende\/nuove-assunzioni-aziende\/incentivi-allassunzione\/politiche-attive-del-lavoro-del-pnrr-nel-2021-i-primi-400-milioni\/"]}]},{"@type":"ImageObject","inLanguage":"it-IT","@id":"https:\/\/www.timevision.it\/news\/aziende\/nuove-assunzioni-aziende\/incentivi-allassunzione\/politiche-attive-del-lavoro-del-pnrr-nel-2021-i-primi-400-milioni\/#primaryimage","url":"https:\/\/www.timevision.it\/news\/wp-content\/uploads\/2021\/06\/politiche_attive_del_lavoro_del_pnrr_nel_2021_i_primi_400_milioni.jpg","contentUrl":"https:\/\/www.timevision.it\/news\/wp-content\/uploads\/2021\/06\/politiche_attive_del_lavoro_del_pnrr_nel_2021_i_primi_400_milioni.jpg","width":1600,"height":900,"caption":"politiche attive del lavoro nel pnrr"},{"@type":"BreadcrumbList","@id":"https:\/\/www.timevision.it\/news\/aziende\/nuove-assunzioni-aziende\/incentivi-allassunzione\/politiche-attive-del-lavoro-del-pnrr-nel-2021-i-primi-400-milioni\/#breadcrumb","itemListElement":[{"@type":"ListItem","position":1,"name":"Home","item":"https:\/\/www.timevision.it\/news\/"},{"@type":"ListItem","position":2,"name":"Politiche attive del lavoro del pnrr: nel 2021 i primi 400 milioni"}]},{"@type":"WebSite","@id":"https:\/\/www.timevision.it\/news\/#website","url":"https:\/\/www.timevision.it\/news\/","name":"Timevision","description":"Offrire alle imprese soluzioni ad hoc in materia del lavoro","publisher":{"@id":"https:\/\/www.timevision.it\/news\/#organization"},"potentialAction":[{"@type":"SearchAction","target":{"@type":"EntryPoint","urlTemplate":"https:\/\/www.timevision.it\/news\/?s={search_term_string}"},"query-input":{"@type":"PropertyValueSpecification","valueRequired":true,"valueName":"search_term_string"}}],"inLanguage":"it-IT"},{"@type":"Organization","@id":"https:\/\/www.timevision.it\/news\/#organization","name":"Timevision scarl","url":"https:\/\/www.timevision.it\/news\/","logo":{"@type":"ImageObject","inLanguage":"it-IT","@id":"https:\/\/www.timevision.it\/news\/#\/schema\/logo\/image\/","url":"https:\/\/www.timevision.it\/news\/wp-content\/uploads\/2020\/11\/logo-timevision-news.png","contentUrl":"https:\/\/www.timevision.it\/news\/wp-content\/uploads\/2020\/11\/logo-timevision-news.png","width":183,"height":32,"caption":"Timevision scarl"},"image":{"@id":"https:\/\/www.timevision.it\/news\/#\/schema\/logo\/image\/"},"sameAs":["https:\/\/www.facebook.com\/timevision","https:\/\/x.com\/time_vision","https:\/\/www.instagram.com\/_timevision_\/","https:\/\/www.linkedin.com\/company\/time-vision","https:\/\/www.youtube.com\/channel\/UC9s4MGbUHcN_HNbhqEiwfLg?view_as=subscriber"]},{"@type":"Person","@id":"https:\/\/www.timevision.it\/news\/#\/schema\/person\/5a1041a51d0449213a1d41fc9525dce0","name":"Diletta Turco","image":{"@type":"ImageObject","inLanguage":"it-IT","@id":"https:\/\/www.timevision.it\/news\/#\/schema\/person\/image\/","url":"https:\/\/secure.gravatar.com\/avatar\/9b24d533616d2cc913d205757462de8c?s=96&d=mm&r=g","contentUrl":"https:\/\/secure.gravatar.com\/avatar\/9b24d533616d2cc913d205757462de8c?s=96&d=mm&r=g","caption":"Diletta Turco"},"description":"Sono una giornalista con la passione per l'economia e il racconto d'impresa. Credo nella potenza della parola, soprattutto se accompagnata dai giusti obiettivi di comunicazione.","sameAs":["https:\/\/www.facebook.com\/diletta.turco","https:\/\/www.linkedin.com\/in\/diletta-turco-752016180\/","https:\/\/x.com\/DilettaTurco"],"url":"https:\/\/www.timevision.it\/news\/author\/diletta-turco\/"}]}},"_links":{"self":[{"href":"https:\/\/www.timevision.it\/news\/wp-json\/wp\/v2\/posts\/33187"}],"collection":[{"href":"https:\/\/www.timevision.it\/news\/wp-json\/wp\/v2\/posts"}],"about":[{"href":"https:\/\/www.timevision.it\/news\/wp-json\/wp\/v2\/types\/post"}],"author":[{"embeddable":true,"href":"https:\/\/www.timevision.it\/news\/wp-json\/wp\/v2\/users\/11"}],"replies":[{"embeddable":true,"href":"https:\/\/www.timevision.it\/news\/wp-json\/wp\/v2\/comments?post=33187"}],"version-history":[{"count":1,"href":"https:\/\/www.timevision.it\/news\/wp-json\/wp\/v2\/posts\/33187\/revisions"}],"predecessor-version":[{"id":33188,"href":"https:\/\/www.timevision.it\/news\/wp-json\/wp\/v2\/posts\/33187\/revisions\/33188"}],"wp:featuredmedia":[{"embeddable":true,"href":"https:\/\/www.timevision.it\/news\/wp-json\/wp\/v2\/media\/33189"}],"wp:attachment":[{"href":"https:\/\/www.timevision.it\/news\/wp-json\/wp\/v2\/media?parent=33187"}],"wp:term":[{"taxonomy":"category","embeddable":true,"href":"https:\/\/www.timevision.it\/news\/wp-json\/wp\/v2\/categories?post=33187"},{"taxonomy":"post_tag","embeddable":true,"href":"https:\/\/www.timevision.it\/news\/wp-json\/wp\/v2\/tags?post=33187"}],"curies":[{"name":"wp","href":"https:\/\/api.w.org\/{rel}","templated":true}]}}