{"id":34383,"date":"2021-10-18T17:00:00","date_gmt":"2021-10-18T15:00:00","guid":{"rendered":"https:\/\/www.timevision.it\/news\/?p=34383"},"modified":"2021-10-18T12:32:10","modified_gmt":"2021-10-18T10:32:10","slug":"politiche-attive-del-lavoro-ecco-lintesa-su-gol","status":"publish","type":"post","link":"https:\/\/www.timevision.it\/news\/aziende\/politiche-attive-del-lavoro-ecco-lintesa-su-gol\/","title":{"rendered":"Politiche attive del lavoro: ecco l&#8217;intesa su GOL"},"content":{"rendered":"\n<p>Arriva l&#8217;intesa tra il <strong>Governo e le Regioni<\/strong> per la riforma delle politiche attive del lavoro, e, nello specifico per la <a href=\"https:\/\/www.timevision.it\/bonus-lavoro\/gol-garanzia-di-occupabilita-dei-lavoratori\/\" target=\"_blank\" rel=\"noreferrer noopener\"><strong>Garanzia di occupabilit\u00e0 dei lavoratori<\/strong><\/a>. Al centro dell&#8217;ok ci sono due modifiche: il minor peso del numero di beneficiari del reddito di cittadinanza nella distribuzione dei primi 880 milioni di euro.<\/p>\n\n\n\n<p>La richiesta \u00e8 arrivata dalle Regioni del nord. Vediamo gli elementi dell&#8217;intesa. <\/p>\n\n\n\n<h2 class=\"wp-block-heading\">Le caratteristiche dell&#8217;intesa sulla riforma delle politiche attive del lavoro<\/h2>\n\n\n\n<p>Sono queste, dunque, le caratteristiche dell&#8217;intesa tra Governo e Regioni per la riforma delle politiche attive del lavoro e del programma GOL:<\/p>\n\n\n\n<ul class=\"wp-block-list\"><li>una <strong>incidenza pi\u00f9 bassa <\/strong>del numero di percettori di reddito di cittadinanza per la distribuzione delle risorse<\/li><li>e una parallela<strong> incidenza maggiore<\/strong> del numero di disoccupati<\/li><\/ul>\n\n\n\n<p>Entro <strong>60 giorni ciascuna regione <\/strong>dovr\u00e0 adottare un piano regionale per l&#8217;attuazione del programma nazionale Gol, Garanzia di occupabilit\u00e0 dei lavoratori, che parte ufficialmente con una dote iniziale di 880 milioni<\/p>\n\n\n\n<h2 class=\"wp-block-heading\">Il piano della Campania<\/h2>\n\n\n\n<p>Il <strong>piano della Regione Campania<\/strong> per Garanzia Occupabilit\u00e0 Lavoro (Gol) c&#8217;\u00e8 ed \u00e8 stato gi\u00e0 inviato sia al ministero del Lavoro che all&#8217;Anpal.<\/p>\n\n\n\n<p>La <a href=\"https:\/\/www.timevision.it\/news\/aziende\/programma-gol-pronta-la-divisione-delle-risorse\/\" target=\"_blank\" rel=\"noreferrer noopener\">Campania <\/a>\u00e8 la Regione a cui \u00e8 stata assegnata <strong>la fetta pi\u00f9 consistente<\/strong> dei fondi: <strong>124<br>milioni circa<\/strong>, anche se il riparto sar\u00e0 rivisto. Sui criteri di assegnazione hanno un peso<br>non secondario i numeri riguardanti:<\/p>\n\n\n\n<ul class=\"wp-block-list\"><li>i percettori di Reddito di Cittadinanza <\/li><li>e di Indennit\u00e0 Mensile di Disoccupazione, la cosiddetta Naspi. <\/li><\/ul>\n\n\n\n<h2 class=\"wp-block-heading\">I percorsi del programma GOL a sostegno del lavoro<\/h2>\n\n\n\n<p>Sono<strong> cinque i percorsi<\/strong> inseriti nel programma GOL a sostegno del lavoro:<\/p>\n\n\n\n<ul class=\"wp-block-list\"><li><strong>reinserimento lavorativo per i disoccupati<\/strong>&nbsp;che hanno competenze aggiornate, tali da essere facilmente spendibili<\/li><li><strong>aggiornamento<\/strong>, ossia l\u2019upskilling delle competenze, con un periodo di formazione a breve termine<\/li><li><strong>riqualificazione<\/strong>, e cio\u00e8 il reskilling per i lavoratori che, invece, hanno necessit\u00e0 di un percorso pi\u00f9 approfondito per potenziare le proprie competenze<\/li><li><strong>lavoro ed inclusione<\/strong>: in questo percorso pi\u00f9 complesso, ogni lavoratore preso in carico sar\u00e0 accompagnato anche dalle rete territoriali dei servizi per il lavoro<\/li><li><strong>ricollocazione collettiva:<\/strong>&nbsp;\u00e8, ovviamente, un percorso a parte, rivolto principalmente a gruppi di lavoratori ad esempio in aziende in crisi.<\/li><\/ul>\n","protected":false},"excerpt":{"rendered":"<p>Arriva l&#8217;intesa tra il Governo e le Regioni per la riforma delle politiche attive del lavoro, e, nello specifico per la Garanzia di occupabilit\u00e0 dei lavoratori. Al centro dell&#8217;ok ci sono due modifiche: il minor peso del numero di beneficiari del reddito di cittadinanza nella distribuzione dei primi 880 milioni di euro. La richiesta \u00e8&#8230;<\/p>\n","protected":false},"author":11,"featured_media":34389,"comment_status":"open","ping_status":"open","sticky":false,"template":"","format":"standard","meta":{"_acf_changed":false,"content-type":"","inline_featured_image":false,"_themeisle_gutenberg_block_has_review":false,"footnotes":""},"categories":[465],"tags":[971,961,1190],"class_list":["post-34383","post","type-post","status-publish","format-standard","has-post-thumbnail","hentry","category-aziende","tag-garanzia-occupabilita-lavoratori","tag-politiche-attive-del-lavoro","tag-politiche-attive-del-lavoro-gol"],"acf":[],"yoast_head":"<!-- This site is optimized with the Yoast SEO Premium plugin v19.5 (Yoast SEO v25.6) - https:\/\/yoast.com\/wordpress\/plugins\/seo\/ -->\n<title>Politiche attive del lavoro: ecco l&#039;intesa su GOL - News Formazione<\/title>\n<meta name=\"description\" content=\"Arriva l&#039;intesa tra Governo e Regioni sulla riforma delle politiche attive del lavoro. Tante le misure sul piatto: dalla GOL alla formazione\" \/>\n<meta name=\"robots\" content=\"index, follow, max-snippet:-1, max-image-preview:large, max-video-preview:-1\" \/>\n<link rel=\"canonical\" href=\"https:\/\/www.timevision.it\/news\/aziende\/politiche-attive-del-lavoro-ecco-lintesa-su-gol\/\" \/>\n<meta property=\"og:locale\" content=\"it_IT\" \/>\n<meta property=\"og:type\" content=\"article\" \/>\n<meta property=\"og:title\" content=\"Politiche attive del lavoro: ecco l&#039;intesa su GOL\" \/>\n<meta property=\"og:description\" content=\"Arriva l&#039;intesa tra Governo e Regioni sulla riforma delle politiche attive del lavoro. Tante le misure sul piatto: dalla GOL alla formazione\" \/>\n<meta property=\"og:url\" content=\"https:\/\/www.timevision.it\/news\/aziende\/politiche-attive-del-lavoro-ecco-lintesa-su-gol\/\" \/>\n<meta property=\"og:site_name\" content=\"News Formazione\" \/>\n<meta property=\"article:publisher\" content=\"https:\/\/www.facebook.com\/timevision\" \/>\n<meta property=\"article:author\" content=\"https:\/\/www.facebook.com\/diletta.turco\" \/>\n<meta property=\"article:published_time\" content=\"2021-10-18T15:00:00+00:00\" \/>\n<meta property=\"og:image\" content=\"https:\/\/www.timevision.it\/news\/wp-content\/uploads\/2021\/10\/politiche_attive_del_lavoro_ecco_l_intesa.jpg\" \/>\n\t<meta property=\"og:image:width\" content=\"1600\" \/>\n\t<meta property=\"og:image:height\" content=\"900\" \/>\n\t<meta property=\"og:image:type\" content=\"image\/jpeg\" \/>\n<meta name=\"author\" content=\"Diletta Turco\" \/>\n<meta name=\"twitter:card\" content=\"summary_large_image\" \/>\n<meta name=\"twitter:creator\" content=\"@DilettaTurco\" \/>\n<meta name=\"twitter:site\" content=\"@time_vision\" \/>\n<meta name=\"twitter:label1\" content=\"Scritto da\" \/>\n\t<meta name=\"twitter:data1\" content=\"Diletta Turco\" \/>\n\t<meta name=\"twitter:label2\" content=\"Tempo di lettura stimato\" \/>\n\t<meta name=\"twitter:data2\" content=\"2 minuti\" \/>\n<!-- \/ Yoast SEO Premium plugin. -->","yoast_head_json":{"title":"Politiche attive del lavoro: ecco l'intesa su GOL - News Formazione","description":"Arriva l'intesa tra Governo e Regioni sulla riforma delle politiche attive del lavoro. Tante le misure sul piatto: dalla GOL alla formazione","robots":{"index":"index","follow":"follow","max-snippet":"max-snippet:-1","max-image-preview":"max-image-preview:large","max-video-preview":"max-video-preview:-1"},"canonical":"https:\/\/www.timevision.it\/news\/aziende\/politiche-attive-del-lavoro-ecco-lintesa-su-gol\/","og_locale":"it_IT","og_type":"article","og_title":"Politiche attive del lavoro: ecco l'intesa su GOL","og_description":"Arriva l'intesa tra Governo e Regioni sulla riforma delle politiche attive del lavoro. Tante le misure sul piatto: dalla GOL alla formazione","og_url":"https:\/\/www.timevision.it\/news\/aziende\/politiche-attive-del-lavoro-ecco-lintesa-su-gol\/","og_site_name":"News Formazione","article_publisher":"https:\/\/www.facebook.com\/timevision","article_author":"https:\/\/www.facebook.com\/diletta.turco","article_published_time":"2021-10-18T15:00:00+00:00","og_image":[{"width":1600,"height":900,"url":"https:\/\/www.timevision.it\/news\/wp-content\/uploads\/2021\/10\/politiche_attive_del_lavoro_ecco_l_intesa.jpg","type":"image\/jpeg"}],"author":"Diletta Turco","twitter_card":"summary_large_image","twitter_creator":"@DilettaTurco","twitter_site":"@time_vision","twitter_misc":{"Scritto da":"Diletta Turco","Tempo di lettura stimato":"2 minuti"},"schema":{"@context":"https:\/\/schema.org","@graph":[{"@type":"Article","@id":"https:\/\/www.timevision.it\/news\/aziende\/politiche-attive-del-lavoro-ecco-lintesa-su-gol\/#article","isPartOf":{"@id":"https:\/\/www.timevision.it\/news\/aziende\/politiche-attive-del-lavoro-ecco-lintesa-su-gol\/"},"author":{"name":"Diletta Turco","@id":"https:\/\/www.timevision.it\/news\/#\/schema\/person\/5a1041a51d0449213a1d41fc9525dce0"},"headline":"Politiche attive del lavoro: ecco l&#8217;intesa su GOL","datePublished":"2021-10-18T15:00:00+00:00","mainEntityOfPage":{"@id":"https:\/\/www.timevision.it\/news\/aziende\/politiche-attive-del-lavoro-ecco-lintesa-su-gol\/"},"wordCount":355,"commentCount":0,"publisher":{"@id":"https:\/\/www.timevision.it\/news\/#organization"},"image":{"@id":"https:\/\/www.timevision.it\/news\/aziende\/politiche-attive-del-lavoro-ecco-lintesa-su-gol\/#primaryimage"},"thumbnailUrl":"https:\/\/www.timevision.it\/news\/wp-content\/uploads\/2021\/10\/politiche_attive_del_lavoro_ecco_l_intesa.jpg","keywords":["garanzia occupabilit\u00e0 lavoratori","politiche attive del lavoro","politiche attive del lavoro gol"],"articleSection":["Aziende"],"inLanguage":"it-IT","copyrightYear":"2021","copyrightHolder":{"@id":"https:\/\/www.timevision.it\/news\/#organization"}},{"@type":"WebPage","@id":"https:\/\/www.timevision.it\/news\/aziende\/politiche-attive-del-lavoro-ecco-lintesa-su-gol\/","url":"https:\/\/www.timevision.it\/news\/aziende\/politiche-attive-del-lavoro-ecco-lintesa-su-gol\/","name":"Politiche attive del lavoro: ecco l'intesa su GOL - News Formazione","isPartOf":{"@id":"https:\/\/www.timevision.it\/news\/#website"},"primaryImageOfPage":{"@id":"https:\/\/www.timevision.it\/news\/aziende\/politiche-attive-del-lavoro-ecco-lintesa-su-gol\/#primaryimage"},"image":{"@id":"https:\/\/www.timevision.it\/news\/aziende\/politiche-attive-del-lavoro-ecco-lintesa-su-gol\/#primaryimage"},"thumbnailUrl":"https:\/\/www.timevision.it\/news\/wp-content\/uploads\/2021\/10\/politiche_attive_del_lavoro_ecco_l_intesa.jpg","datePublished":"2021-10-18T15:00:00+00:00","description":"Arriva l'intesa tra Governo e Regioni sulla riforma delle politiche attive del lavoro. Tante le misure sul piatto: dalla GOL alla formazione","breadcrumb":{"@id":"https:\/\/www.timevision.it\/news\/aziende\/politiche-attive-del-lavoro-ecco-lintesa-su-gol\/#breadcrumb"},"inLanguage":"it-IT","potentialAction":[{"@type":"ReadAction","target":["https:\/\/www.timevision.it\/news\/aziende\/politiche-attive-del-lavoro-ecco-lintesa-su-gol\/"]}]},{"@type":"ImageObject","inLanguage":"it-IT","@id":"https:\/\/www.timevision.it\/news\/aziende\/politiche-attive-del-lavoro-ecco-lintesa-su-gol\/#primaryimage","url":"https:\/\/www.timevision.it\/news\/wp-content\/uploads\/2021\/10\/politiche_attive_del_lavoro_ecco_l_intesa.jpg","contentUrl":"https:\/\/www.timevision.it\/news\/wp-content\/uploads\/2021\/10\/politiche_attive_del_lavoro_ecco_l_intesa.jpg","width":1600,"height":900,"caption":"politiche attive del lavoro ecco l'intesa"},{"@type":"BreadcrumbList","@id":"https:\/\/www.timevision.it\/news\/aziende\/politiche-attive-del-lavoro-ecco-lintesa-su-gol\/#breadcrumb","itemListElement":[{"@type":"ListItem","position":1,"name":"Home","item":"https:\/\/www.timevision.it\/news\/"},{"@type":"ListItem","position":2,"name":"Politiche attive del lavoro: ecco l&#8217;intesa su GOL"}]},{"@type":"WebSite","@id":"https:\/\/www.timevision.it\/news\/#website","url":"https:\/\/www.timevision.it\/news\/","name":"Timevision","description":"Offrire alle imprese soluzioni ad hoc in materia del lavoro","publisher":{"@id":"https:\/\/www.timevision.it\/news\/#organization"},"potentialAction":[{"@type":"SearchAction","target":{"@type":"EntryPoint","urlTemplate":"https:\/\/www.timevision.it\/news\/?s={search_term_string}"},"query-input":{"@type":"PropertyValueSpecification","valueRequired":true,"valueName":"search_term_string"}}],"inLanguage":"it-IT"},{"@type":"Organization","@id":"https:\/\/www.timevision.it\/news\/#organization","name":"Timevision scarl","url":"https:\/\/www.timevision.it\/news\/","logo":{"@type":"ImageObject","inLanguage":"it-IT","@id":"https:\/\/www.timevision.it\/news\/#\/schema\/logo\/image\/","url":"https:\/\/www.timevision.it\/news\/wp-content\/uploads\/2020\/11\/logo-timevision-news.png","contentUrl":"https:\/\/www.timevision.it\/news\/wp-content\/uploads\/2020\/11\/logo-timevision-news.png","width":183,"height":32,"caption":"Timevision scarl"},"image":{"@id":"https:\/\/www.timevision.it\/news\/#\/schema\/logo\/image\/"},"sameAs":["https:\/\/www.facebook.com\/timevision","https:\/\/x.com\/time_vision","https:\/\/www.instagram.com\/_timevision_\/","https:\/\/www.linkedin.com\/company\/time-vision","https:\/\/www.youtube.com\/channel\/UC9s4MGbUHcN_HNbhqEiwfLg?view_as=subscriber"]},{"@type":"Person","@id":"https:\/\/www.timevision.it\/news\/#\/schema\/person\/5a1041a51d0449213a1d41fc9525dce0","name":"Diletta Turco","image":{"@type":"ImageObject","inLanguage":"it-IT","@id":"https:\/\/www.timevision.it\/news\/#\/schema\/person\/image\/","url":"https:\/\/secure.gravatar.com\/avatar\/9b24d533616d2cc913d205757462de8c?s=96&d=mm&r=g","contentUrl":"https:\/\/secure.gravatar.com\/avatar\/9b24d533616d2cc913d205757462de8c?s=96&d=mm&r=g","caption":"Diletta Turco"},"description":"Sono una giornalista con la passione per l'economia e il racconto d'impresa. Credo nella potenza della parola, soprattutto se accompagnata dai giusti obiettivi di comunicazione.","sameAs":["https:\/\/www.facebook.com\/diletta.turco","https:\/\/www.linkedin.com\/in\/diletta-turco-752016180\/","https:\/\/x.com\/DilettaTurco"],"url":"https:\/\/www.timevision.it\/news\/author\/diletta-turco\/"}]}},"_links":{"self":[{"href":"https:\/\/www.timevision.it\/news\/wp-json\/wp\/v2\/posts\/34383"}],"collection":[{"href":"https:\/\/www.timevision.it\/news\/wp-json\/wp\/v2\/posts"}],"about":[{"href":"https:\/\/www.timevision.it\/news\/wp-json\/wp\/v2\/types\/post"}],"author":[{"embeddable":true,"href":"https:\/\/www.timevision.it\/news\/wp-json\/wp\/v2\/users\/11"}],"replies":[{"embeddable":true,"href":"https:\/\/www.timevision.it\/news\/wp-json\/wp\/v2\/comments?post=34383"}],"version-history":[{"count":4,"href":"https:\/\/www.timevision.it\/news\/wp-json\/wp\/v2\/posts\/34383\/revisions"}],"predecessor-version":[{"id":34391,"href":"https:\/\/www.timevision.it\/news\/wp-json\/wp\/v2\/posts\/34383\/revisions\/34391"}],"wp:featuredmedia":[{"embeddable":true,"href":"https:\/\/www.timevision.it\/news\/wp-json\/wp\/v2\/media\/34389"}],"wp:attachment":[{"href":"https:\/\/www.timevision.it\/news\/wp-json\/wp\/v2\/media?parent=34383"}],"wp:term":[{"taxonomy":"category","embeddable":true,"href":"https:\/\/www.timevision.it\/news\/wp-json\/wp\/v2\/categories?post=34383"},{"taxonomy":"post_tag","embeddable":true,"href":"https:\/\/www.timevision.it\/news\/wp-json\/wp\/v2\/tags?post=34383"}],"curies":[{"name":"wp","href":"https:\/\/api.w.org\/{rel}","templated":true}]}}