{"id":34454,"date":"2021-10-22T17:00:00","date_gmt":"2021-10-22T15:00:00","guid":{"rendered":"https:\/\/www.timevision.it\/news\/?p=34454"},"modified":"2021-10-22T16:16:50","modified_gmt":"2021-10-22T14:16:50","slug":"programma-gol-intesa-sui-fondi-ecco-i-5-percorsi","status":"publish","type":"post","link":"https:\/\/www.timevision.it\/news\/aziende\/incentivi-e-finanziamenti\/programma-gol-intesa-sui-fondi-ecco-i-5-percorsi\/","title":{"rendered":"Programma GOL: intesa sui fondi. Ecco i 5 percorsi"},"content":{"rendered":"\n<p>Arriva l&#8217;intesa sui fondi del <strong>programma GOL<\/strong>. La <a href=\"https:\/\/www.lavoro.gov.it\/notizie\/Documents\/GOL-slide-Programma-20211021.pdf\" target=\"_blank\" rel=\"noreferrer noopener\">conferenza Stato-Regioni<\/a> ha, infatti, sciolto i dubbi sulla divisione delle risorse e sui criteri di assegnazione. Campania e Lombardia confermate al top per i fondi della <a href=\"https:\/\/www.timevision.it\/bonus-lavoro\/gol-garanzia-di-occupabilita-dei-lavoratori\/\" target=\"_blank\" rel=\"noreferrer noopener\">Garanzia Occupabilit\u00e0 Lavoratori<\/a>.<\/p>\n\n\n\n<h2 class=\"wp-block-heading\">Cosa \u00e8 il programma GOL<\/h2>\n\n\n\n<p>Il programma GOL, o <strong>Garanzia Occupabilit\u00e0 Lavoratori <\/strong>\u00e8 una misura nuova che rientra nelle politiche attive del Lavoro, ed \u00e8 collegato ai progetti del PNRR.<\/p>\n\n\n\n<p>Il programma&nbsp;<strong>GOL fino al 2025 prevede<\/strong>:<\/p>\n\n\n\n<ul class=\"wp-block-list\"><li><strong>3 milioni le persone<\/strong>&nbsp;coinvolte nella garanzia di occupabilit\u00e0 lavoratori<\/li><li>di questi,&nbsp;<strong>800mila avranno percorsi di formazione specifici<\/strong><\/li><li>il&nbsp;<strong>40%<\/strong>&nbsp;dei percorsi di formazione riguarder\u00e0 le<strong>&nbsp;competenze digitali<\/strong>.<\/li><\/ul>\n\n\n\n<h2 class=\"wp-block-heading\">Le risorse di Garanzia Occupabilit\u00e0 Lavoratori<\/h2>\n\n\n\n<p>Le risorse complessive sono pari a 4,4 miliardi di euro, a  cui si aggiungono:<\/p>\n\n\n\n<ul class=\"wp-block-list\"><li><strong>600 milioni<\/strong> di euro per il rafforzamento dei Centri per l\u2019impiego (di cui 400 gi\u00e0 in essere e 200 aggiuntivi) <\/li><li>e <strong>600 milioni <\/strong>di euro per il rafforzamento del sistema duale.<\/li><\/ul>\n\n\n\n<p>La Campania e la Lombardia al top nella distribuzione dei fondi: <\/p>\n\n\n\n<ul class=\"wp-block-list\"><li><strong>119 milioni<\/strong> di euro per la Campania<\/li><li>e <strong>101 <\/strong>per la Lombardia<\/li><\/ul>\n\n\n\n<h3 class=\"wp-block-heading\">Il piano della Campania per il programma GOL<\/h3>\n\n\n\n<p>Il&nbsp;<strong>piano della Regione Campania<\/strong>&nbsp;per Garanzia Occupabilit\u00e0 Lavoro (Gol) c\u2019\u00e8 ed \u00e8 stato gi\u00e0 inviato sia al ministero del Lavoro che all\u2019Anpal.<\/p>\n\n\n\n<p>La&nbsp;<a href=\"https:\/\/www.timevision.it\/news\/aziende\/programma-gol-pronta-la-divisione-delle-risorse\/\" target=\"_blank\" rel=\"noreferrer noopener\">Campania&nbsp;<\/a>\u00e8 la Regione a cui \u00e8 stata assegnata&nbsp;<strong>la fetta pi\u00f9 consistente<\/strong>&nbsp;dei fondi. Sui criteri di assegnazione hanno un peso non secondario i numeri riguardanti:<\/p>\n\n\n\n<ul class=\"wp-block-list\"><li>i percettori di Reddito di Cittadinanza<\/li><li>e di Indennit\u00e0 Mensile di Disoccupazione, la cosiddetta Naspi.<\/li><\/ul>\n\n\n\n<h2 class=\"wp-block-heading\">I 5 percorsi previsti<\/h2>\n\n\n\n<p>Sono cinque i percorsi inseriti nel programma GOL a sostegno del lavoro:<\/p>\n\n\n\n<ul class=\"wp-block-list\"><li><strong>reinserimento lavorativo per i disoccupati<\/strong>&nbsp;che hanno competenze aggiornate, tali da essere facilmente spendibili<\/li><li><strong>aggiornamento<\/strong>, ossia l\u2019upskilling delle competenze, con un periodo di formazione a breve termine<\/li><li><strong>riqualificazione<\/strong>, e cio\u00e8 il reskilling per i lavoratori che, invece, hanno necessit\u00e0 di un percorso pi\u00f9 approfondito per potenziare le proprie competenze<\/li><li><strong>lavoro ed inclusione<\/strong>: in questo percorso pi\u00f9 complesso, ogni lavoratore preso in carico sar\u00e0 accompagnato anche dalle rete territoriali dei servizi per il lavoro<\/li><li><strong>ricollocazione collettiva:<\/strong>&nbsp;\u00e8, ovviamente, un percorso a parte, rivolto principalmente a gruppi di lavoratori ad esempio in aziende in crisi.<\/li><\/ul>\n","protected":false},"excerpt":{"rendered":"<p>Arriva l&#8217;intesa sui fondi del programma GOL. La conferenza Stato-Regioni ha, infatti, sciolto i dubbi sulla divisione delle risorse e sui criteri di assegnazione. Campania e Lombardia confermate al top per i fondi della Garanzia Occupabilit\u00e0 Lavoratori. Cosa \u00e8 il programma GOL Il programma GOL, o Garanzia Occupabilit\u00e0 Lavoratori \u00e8 una misura nuova che rientra&#8230;<\/p>\n","protected":false},"author":11,"featured_media":34458,"comment_status":"open","ping_status":"open","sticky":false,"template":"","format":"standard","meta":{"_acf_changed":false,"content-type":"","inline_featured_image":false,"_themeisle_gutenberg_block_has_review":false,"footnotes":""},"categories":[6],"tags":[971,961,708],"class_list":["post-34454","post","type-post","status-publish","format-standard","has-post-thumbnail","hentry","category-incentivi-e-finanziamenti","tag-garanzia-occupabilita-lavoratori","tag-politiche-attive-del-lavoro","tag-programma-gol"],"acf":[],"yoast_head":"<!-- This site is optimized with the Yoast SEO Premium plugin v19.5 (Yoast SEO v25.6) - https:\/\/yoast.com\/wordpress\/plugins\/seo\/ -->\n<title>Programma GOL: intesa sui fondi. Ecco i 5 percorsi - News Formazione<\/title>\n<meta name=\"description\" content=\"Arriva l&#039;intesa sui fondi del programma GOL. Campania e Lombardia al top. Scopri i 5 percorsi della Garanzia Occupabilit\u00e0 Lavoratori\" \/>\n<meta name=\"robots\" content=\"index, follow, max-snippet:-1, max-image-preview:large, max-video-preview:-1\" \/>\n<link rel=\"canonical\" href=\"https:\/\/www.timevision.it\/news\/aziende\/incentivi-e-finanziamenti\/programma-gol-intesa-sui-fondi-ecco-i-5-percorsi\/\" \/>\n<meta property=\"og:locale\" content=\"it_IT\" \/>\n<meta property=\"og:type\" content=\"article\" \/>\n<meta property=\"og:title\" content=\"Programma GOL: intesa sui fondi. Ecco i 5 percorsi\" \/>\n<meta property=\"og:description\" content=\"Arriva l&#039;intesa sui fondi del programma GOL. Campania e Lombardia al top. Scopri i 5 percorsi della Garanzia Occupabilit\u00e0 Lavoratori\" \/>\n<meta property=\"og:url\" content=\"https:\/\/www.timevision.it\/news\/aziende\/incentivi-e-finanziamenti\/programma-gol-intesa-sui-fondi-ecco-i-5-percorsi\/\" \/>\n<meta property=\"og:site_name\" content=\"News Formazione\" \/>\n<meta property=\"article:publisher\" content=\"https:\/\/www.facebook.com\/timevision\" \/>\n<meta property=\"article:author\" content=\"https:\/\/www.facebook.com\/diletta.turco\" \/>\n<meta property=\"article:published_time\" content=\"2021-10-22T15:00:00+00:00\" \/>\n<meta property=\"og:image\" content=\"https:\/\/www.timevision.it\/news\/wp-content\/uploads\/2021\/10\/PROGRAMMA_GOL_INTESA_SUI_FONDI_ECCO_I_5_PERCORSI.jpg\" \/>\n\t<meta property=\"og:image:width\" content=\"1600\" \/>\n\t<meta property=\"og:image:height\" content=\"900\" \/>\n\t<meta property=\"og:image:type\" content=\"image\/jpeg\" \/>\n<meta name=\"author\" content=\"Diletta Turco\" \/>\n<meta name=\"twitter:card\" content=\"summary_large_image\" \/>\n<meta name=\"twitter:creator\" content=\"@DilettaTurco\" \/>\n<meta name=\"twitter:site\" content=\"@time_vision\" \/>\n<meta name=\"twitter:label1\" content=\"Scritto da\" \/>\n\t<meta name=\"twitter:data1\" content=\"Diletta Turco\" \/>\n\t<meta name=\"twitter:label2\" content=\"Tempo di lettura stimato\" \/>\n\t<meta name=\"twitter:data2\" content=\"2 minuti\" \/>\n<!-- \/ Yoast SEO Premium plugin. -->","yoast_head_json":{"title":"Programma GOL: intesa sui fondi. Ecco i 5 percorsi - News Formazione","description":"Arriva l'intesa sui fondi del programma GOL. Campania e Lombardia al top. Scopri i 5 percorsi della Garanzia Occupabilit\u00e0 Lavoratori","robots":{"index":"index","follow":"follow","max-snippet":"max-snippet:-1","max-image-preview":"max-image-preview:large","max-video-preview":"max-video-preview:-1"},"canonical":"https:\/\/www.timevision.it\/news\/aziende\/incentivi-e-finanziamenti\/programma-gol-intesa-sui-fondi-ecco-i-5-percorsi\/","og_locale":"it_IT","og_type":"article","og_title":"Programma GOL: intesa sui fondi. Ecco i 5 percorsi","og_description":"Arriva l'intesa sui fondi del programma GOL. Campania e Lombardia al top. Scopri i 5 percorsi della Garanzia Occupabilit\u00e0 Lavoratori","og_url":"https:\/\/www.timevision.it\/news\/aziende\/incentivi-e-finanziamenti\/programma-gol-intesa-sui-fondi-ecco-i-5-percorsi\/","og_site_name":"News Formazione","article_publisher":"https:\/\/www.facebook.com\/timevision","article_author":"https:\/\/www.facebook.com\/diletta.turco","article_published_time":"2021-10-22T15:00:00+00:00","og_image":[{"width":1600,"height":900,"url":"https:\/\/www.timevision.it\/news\/wp-content\/uploads\/2021\/10\/PROGRAMMA_GOL_INTESA_SUI_FONDI_ECCO_I_5_PERCORSI.jpg","type":"image\/jpeg"}],"author":"Diletta Turco","twitter_card":"summary_large_image","twitter_creator":"@DilettaTurco","twitter_site":"@time_vision","twitter_misc":{"Scritto da":"Diletta Turco","Tempo di lettura stimato":"2 minuti"},"schema":{"@context":"https:\/\/schema.org","@graph":[{"@type":"Article","@id":"https:\/\/www.timevision.it\/news\/aziende\/incentivi-e-finanziamenti\/programma-gol-intesa-sui-fondi-ecco-i-5-percorsi\/#article","isPartOf":{"@id":"https:\/\/www.timevision.it\/news\/aziende\/incentivi-e-finanziamenti\/programma-gol-intesa-sui-fondi-ecco-i-5-percorsi\/"},"author":{"name":"Diletta Turco","@id":"https:\/\/www.timevision.it\/news\/#\/schema\/person\/5a1041a51d0449213a1d41fc9525dce0"},"headline":"Programma GOL: intesa sui fondi. Ecco i 5 percorsi","datePublished":"2021-10-22T15:00:00+00:00","mainEntityOfPage":{"@id":"https:\/\/www.timevision.it\/news\/aziende\/incentivi-e-finanziamenti\/programma-gol-intesa-sui-fondi-ecco-i-5-percorsi\/"},"wordCount":367,"commentCount":0,"publisher":{"@id":"https:\/\/www.timevision.it\/news\/#organization"},"image":{"@id":"https:\/\/www.timevision.it\/news\/aziende\/incentivi-e-finanziamenti\/programma-gol-intesa-sui-fondi-ecco-i-5-percorsi\/#primaryimage"},"thumbnailUrl":"https:\/\/www.timevision.it\/news\/wp-content\/uploads\/2021\/10\/PROGRAMMA_GOL_INTESA_SUI_FONDI_ECCO_I_5_PERCORSI.jpg","keywords":["garanzia occupabilit\u00e0 lavoratori","politiche attive del lavoro","programma gol"],"articleSection":["Incentivi e finanziamenti"],"inLanguage":"it-IT","copyrightYear":"2021","copyrightHolder":{"@id":"https:\/\/www.timevision.it\/news\/#organization"}},{"@type":"WebPage","@id":"https:\/\/www.timevision.it\/news\/aziende\/incentivi-e-finanziamenti\/programma-gol-intesa-sui-fondi-ecco-i-5-percorsi\/","url":"https:\/\/www.timevision.it\/news\/aziende\/incentivi-e-finanziamenti\/programma-gol-intesa-sui-fondi-ecco-i-5-percorsi\/","name":"Programma GOL: intesa sui fondi. Ecco i 5 percorsi - News Formazione","isPartOf":{"@id":"https:\/\/www.timevision.it\/news\/#website"},"primaryImageOfPage":{"@id":"https:\/\/www.timevision.it\/news\/aziende\/incentivi-e-finanziamenti\/programma-gol-intesa-sui-fondi-ecco-i-5-percorsi\/#primaryimage"},"image":{"@id":"https:\/\/www.timevision.it\/news\/aziende\/incentivi-e-finanziamenti\/programma-gol-intesa-sui-fondi-ecco-i-5-percorsi\/#primaryimage"},"thumbnailUrl":"https:\/\/www.timevision.it\/news\/wp-content\/uploads\/2021\/10\/PROGRAMMA_GOL_INTESA_SUI_FONDI_ECCO_I_5_PERCORSI.jpg","datePublished":"2021-10-22T15:00:00+00:00","description":"Arriva l'intesa sui fondi del programma GOL. Campania e Lombardia al top. Scopri i 5 percorsi della Garanzia Occupabilit\u00e0 Lavoratori","breadcrumb":{"@id":"https:\/\/www.timevision.it\/news\/aziende\/incentivi-e-finanziamenti\/programma-gol-intesa-sui-fondi-ecco-i-5-percorsi\/#breadcrumb"},"inLanguage":"it-IT","potentialAction":[{"@type":"ReadAction","target":["https:\/\/www.timevision.it\/news\/aziende\/incentivi-e-finanziamenti\/programma-gol-intesa-sui-fondi-ecco-i-5-percorsi\/"]}]},{"@type":"ImageObject","inLanguage":"it-IT","@id":"https:\/\/www.timevision.it\/news\/aziende\/incentivi-e-finanziamenti\/programma-gol-intesa-sui-fondi-ecco-i-5-percorsi\/#primaryimage","url":"https:\/\/www.timevision.it\/news\/wp-content\/uploads\/2021\/10\/PROGRAMMA_GOL_INTESA_SUI_FONDI_ECCO_I_5_PERCORSI.jpg","contentUrl":"https:\/\/www.timevision.it\/news\/wp-content\/uploads\/2021\/10\/PROGRAMMA_GOL_INTESA_SUI_FONDI_ECCO_I_5_PERCORSI.jpg","width":1600,"height":900,"caption":"PROGRAMMA GOL"},{"@type":"BreadcrumbList","@id":"https:\/\/www.timevision.it\/news\/aziende\/incentivi-e-finanziamenti\/programma-gol-intesa-sui-fondi-ecco-i-5-percorsi\/#breadcrumb","itemListElement":[{"@type":"ListItem","position":1,"name":"Home","item":"https:\/\/www.timevision.it\/news\/"},{"@type":"ListItem","position":2,"name":"Programma GOL: intesa sui fondi. Ecco i 5 percorsi"}]},{"@type":"WebSite","@id":"https:\/\/www.timevision.it\/news\/#website","url":"https:\/\/www.timevision.it\/news\/","name":"Timevision","description":"Offrire alle imprese soluzioni ad hoc in materia del lavoro","publisher":{"@id":"https:\/\/www.timevision.it\/news\/#organization"},"potentialAction":[{"@type":"SearchAction","target":{"@type":"EntryPoint","urlTemplate":"https:\/\/www.timevision.it\/news\/?s={search_term_string}"},"query-input":{"@type":"PropertyValueSpecification","valueRequired":true,"valueName":"search_term_string"}}],"inLanguage":"it-IT"},{"@type":"Organization","@id":"https:\/\/www.timevision.it\/news\/#organization","name":"Timevision scarl","url":"https:\/\/www.timevision.it\/news\/","logo":{"@type":"ImageObject","inLanguage":"it-IT","@id":"https:\/\/www.timevision.it\/news\/#\/schema\/logo\/image\/","url":"https:\/\/www.timevision.it\/news\/wp-content\/uploads\/2020\/11\/logo-timevision-news.png","contentUrl":"https:\/\/www.timevision.it\/news\/wp-content\/uploads\/2020\/11\/logo-timevision-news.png","width":183,"height":32,"caption":"Timevision scarl"},"image":{"@id":"https:\/\/www.timevision.it\/news\/#\/schema\/logo\/image\/"},"sameAs":["https:\/\/www.facebook.com\/timevision","https:\/\/x.com\/time_vision","https:\/\/www.instagram.com\/_timevision_\/","https:\/\/www.linkedin.com\/company\/time-vision","https:\/\/www.youtube.com\/channel\/UC9s4MGbUHcN_HNbhqEiwfLg?view_as=subscriber"]},{"@type":"Person","@id":"https:\/\/www.timevision.it\/news\/#\/schema\/person\/5a1041a51d0449213a1d41fc9525dce0","name":"Diletta Turco","image":{"@type":"ImageObject","inLanguage":"it-IT","@id":"https:\/\/www.timevision.it\/news\/#\/schema\/person\/image\/","url":"https:\/\/secure.gravatar.com\/avatar\/9b24d533616d2cc913d205757462de8c?s=96&d=mm&r=g","contentUrl":"https:\/\/secure.gravatar.com\/avatar\/9b24d533616d2cc913d205757462de8c?s=96&d=mm&r=g","caption":"Diletta Turco"},"description":"Sono una giornalista con la passione per l'economia e il racconto d'impresa. Credo nella potenza della parola, soprattutto se accompagnata dai giusti obiettivi di comunicazione.","sameAs":["https:\/\/www.facebook.com\/diletta.turco","https:\/\/www.linkedin.com\/in\/diletta-turco-752016180\/","https:\/\/x.com\/DilettaTurco"],"url":"https:\/\/www.timevision.it\/news\/author\/diletta-turco\/"}]}},"_links":{"self":[{"href":"https:\/\/www.timevision.it\/news\/wp-json\/wp\/v2\/posts\/34454"}],"collection":[{"href":"https:\/\/www.timevision.it\/news\/wp-json\/wp\/v2\/posts"}],"about":[{"href":"https:\/\/www.timevision.it\/news\/wp-json\/wp\/v2\/types\/post"}],"author":[{"embeddable":true,"href":"https:\/\/www.timevision.it\/news\/wp-json\/wp\/v2\/users\/11"}],"replies":[{"embeddable":true,"href":"https:\/\/www.timevision.it\/news\/wp-json\/wp\/v2\/comments?post=34454"}],"version-history":[{"count":3,"href":"https:\/\/www.timevision.it\/news\/wp-json\/wp\/v2\/posts\/34454\/revisions"}],"predecessor-version":[{"id":34459,"href":"https:\/\/www.timevision.it\/news\/wp-json\/wp\/v2\/posts\/34454\/revisions\/34459"}],"wp:featuredmedia":[{"embeddable":true,"href":"https:\/\/www.timevision.it\/news\/wp-json\/wp\/v2\/media\/34458"}],"wp:attachment":[{"href":"https:\/\/www.timevision.it\/news\/wp-json\/wp\/v2\/media?parent=34454"}],"wp:term":[{"taxonomy":"category","embeddable":true,"href":"https:\/\/www.timevision.it\/news\/wp-json\/wp\/v2\/categories?post=34454"},{"taxonomy":"post_tag","embeddable":true,"href":"https:\/\/www.timevision.it\/news\/wp-json\/wp\/v2\/tags?post=34454"}],"curies":[{"name":"wp","href":"https:\/\/api.w.org\/{rel}","templated":true}]}}