{"id":37530,"date":"2022-08-01T13:00:00","date_gmt":"2022-08-01T11:00:00","guid":{"rendered":"https:\/\/www.timevision.it\/news\/?p=37530"},"modified":"2022-08-02T12:04:23","modified_gmt":"2022-08-02T10:04:23","slug":"corsi-regione-campania-ecco-quelli-in-partenza","status":"publish","type":"post","link":"https:\/\/www.timevision.it\/news\/persone\/corsi-di-formazione\/corsi-in-partenza\/corsi-regione-campania-ecco-quelli-in-partenza\/","title":{"rendered":"Corsi Regione Campania: ecco quelli in partenza"},"content":{"rendered":"\n<p>Sono molti i corsi di formazione in regione Campania in partenza il prossimo autunno. Si tratta di corsi di aggiornamento professionale o di qualifica, operativi in diversi settori che hanno a che fare con l&#8217;ambiente. Qualche esempio?<\/p>\n\n\n\n<ul class=\"wp-block-list\"><li>manutentore del verde<\/li><li>addetto rimozione amianto<\/li><li>responsabile rimozione amianto<\/li><\/ul>\n\n\n\n<p>Eccoli nel dettaglio.<\/p>\n\n\n\n<h2 class=\"wp-block-heading\" id=\"h-corsi-regione-campania-come-ottenere-il-patentino-per-manutentore-del-verde\">Corsi Regione Campania: come ottenere il patentino per manutentore del verde<\/h2>\n\n\n\n<p>Il corso regional<strong><a href=\"https:\/\/www.timevision.it\/corso-manutentore-del-verde\/\">e Manutentore del verde <\/a><\/strong>\u00e8 volto a formare in modo sempre aggiornato i responsabili della gestione del verde pubblico e privato. Si tratta di figure tecniche piuttosto ricercate. Il corso, in partenza ad ottobre 2022, \u00e8:<\/p>\n\n\n\n<ul class=\"wp-block-list\"><li>rivolto <strong>a tutti gli interessati<\/strong>, anche in possesso di licenza di terza media<\/li><li>progettato anche per <strong>chi non ha esperienza pregressa<\/strong> nel settore<\/li><li>basato su un <strong>momento di apprendimento teorico e uno pratico<\/strong><\/li><li>ed \u00e8 pianificato per <strong>rilasciare una qualifica professionale<\/strong><\/li><\/ul>\n\n\n\n<p><strong>La qualifica professionale rilasciata al termine del corso \u00e8 il patentino di manutentore del verde. Dal 2020 questa qualifica \u00e8 necessaria per svolgere la professione.<\/strong><\/p>\n\n\n\n<p>Tra gli argomenti trattati durante le 120 ore di teoria c&#8217;\u00e8:<\/p>\n\n\n\n<ul class=\"wp-block-list\"><li>preparazione del terreno<\/li><li>utilizzo di attrezzi agricoli e di sistemi di irrigazione<\/li><li>e utilizzo di strumenti di distribuzione di antiparassitari<\/li><\/ul>\n\n\n<a class=\"maxbutton-9 maxbutton bottone-centrato\" href=\"https:\/\/www.timevision.it\/corso-manutentore-del-verde\/\"><span class='mb-text'>ISCRIVITI ORA<\/span><\/a>\n\n\n<h2 class=\"wp-block-heading\">Addetto alla rimozione amianto: il corso a settembre <\/h2>\n\n\n\n<p>Partir\u00e0, invece, a settembre il corso di formazione per <strong><a href=\"https:\/\/www.timevision.it\/corso-addetto-alla-rimozione-smaltimento-e-bonifica-amianto\/\">Addetto alla rimozione, smaltimento e bonifica amianto<\/a>. <\/strong>Anche questo corso rientra tra i corsi in Regione Campania che rilasciano una qualifica professionale, ossia il patentino specifico per la gestione dell&#8217;amianto.<\/p>\n\n\n\n<p>Le aziende che operano nella filiera dell&#8217;edilizia hanno sempre una maggiore necessit\u00e0 di avere in organico addetti alla gestione dell&#8217;amianto, e per svolgere questo lavoro \u00e8 fondamentale avere il patentino. Perch\u00e9?<\/p>\n\n\n\n<p>Perch\u00e9<strong> la formazione che \u00e8 alla base del rilascio del patentino <\/strong>consente di:<\/p>\n\n\n\n<ul class=\"wp-block-list\"><li>ottenere l\u2019attestazione di frequenza&nbsp;e profitto&nbsp;(Patentino Amianto);<\/li><li>specializzarsi su tecniche, strumenti e procedure per la corretta rimozione di materiali contenenti amianto;<\/li><li>comprendere ed applicare le misure di prevenzione specifica;<\/li><li>conoscere le normative riguardanti la protezione dei lavoratori e la tutela dell\u2019ambiente.<\/li><\/ul>\n\n\n<a class=\"maxbutton-9 maxbutton bottone-centrato\" href=\"https:\/\/www.timevision.it\/corso-addetto-alla-rimozione-smaltimento-e-bonifica-amianto\/\"><span class='mb-text'>ISCRIVITI ORA<\/span><\/a>\n\n\n<h2 class=\"wp-block-heading\" id=\"h-responsabile-amianto\">Responsabile amianto<\/h2>\n\n\n\n<p>Con inizio ad ottobre 2022, il corso di formazione per <strong><a href=\"https:\/\/www.timevision.it\/corso-responsabile-alla-rimozione-smaltimento-e-bonifica-amianto\/\">Responsabile alla rimozione, bonifica e smaltimento amianto<\/a><\/strong>, ha una durata di 50 ore, al termine delle quali sar\u00e0 rilasciato il patentino specifico previsto dalla normativa. Senza il quale non \u00e8 possibile svolgere la professione.<\/p>\n\n\n\n<p>Tre gli ambiti di apprendimento del corso:<\/p>\n\n\n\n<ul class=\"wp-block-list\"><li>normativa, caratteristiche e rischi legati all&#8217;amianto<\/li><li>procedure per la rimozione, bonifica e smaltimento<\/li><li>e tecniche di organizzazione e coordinamento per il lavoro<\/li><\/ul>\n\n\n<a class=\"maxbutton-9 maxbutton bottone-centrato\" href=\"https:\/\/www.timevision.it\/corso-responsabile-alla-rimozione-smaltimento-e-bonifica-amianto\/\"><span class='mb-text'>ISCRIVITI ORA<\/span><\/a>","protected":false},"excerpt":{"rendered":"<p>Sono molti i corsi di formazione in regione Campania in partenza il prossimo autunno. Si tratta di corsi di aggiornamento professionale o di qualifica, operativi in diversi settori che hanno a che fare con l&#8217;ambiente. Qualche esempio? manutentore del verde addetto rimozione amianto responsabile rimozione amianto Eccoli nel dettaglio. Corsi Regione Campania: come ottenere il&#8230;<\/p>\n","protected":false},"author":11,"featured_media":37532,"comment_status":"open","ping_status":"open","sticky":false,"template":"","format":"standard","meta":{"_acf_changed":false,"content-type":"","inline_featured_image":false,"_themeisle_gutenberg_block_has_review":false,"footnotes":""},"categories":[494],"tags":[1824,1237],"class_list":["post-37530","post","type-post","status-publish","format-standard","has-post-thumbnail","hentry","category-corsi-in-partenza","tag-corsi-formazione-campania","tag-corsi-in-partenza"],"acf":[],"yoast_head":"<!-- This site is optimized with the Yoast SEO Premium plugin v19.5 (Yoast SEO v25.6) - https:\/\/yoast.com\/wordpress\/plugins\/seo\/ -->\n<title>Corsi Regione Campania: ecco quelli in partenza - News Formazione<\/title>\n<meta name=\"description\" content=\"Sono molti i corsi di formazione in regione campania per ottenere competenze e qualifiche professionali | Ecco quelli in partenza a settembre\" \/>\n<meta name=\"robots\" content=\"index, follow, max-snippet:-1, max-image-preview:large, max-video-preview:-1\" \/>\n<link rel=\"canonical\" href=\"https:\/\/www.timevision.it\/news\/persone\/corsi-di-formazione\/corsi-in-partenza\/corsi-regione-campania-ecco-quelli-in-partenza\/\" \/>\n<meta property=\"og:locale\" content=\"it_IT\" \/>\n<meta property=\"og:type\" content=\"article\" \/>\n<meta property=\"og:title\" content=\"Corsi Regione Campania: ecco quelli in partenza\" \/>\n<meta property=\"og:description\" content=\"Sono molti i corsi di formazione in regione campania per ottenere competenze e qualifiche professionali | Ecco quelli in partenza a settembre\" \/>\n<meta property=\"og:url\" content=\"https:\/\/www.timevision.it\/news\/persone\/corsi-di-formazione\/corsi-in-partenza\/corsi-regione-campania-ecco-quelli-in-partenza\/\" \/>\n<meta property=\"og:site_name\" content=\"News Formazione\" \/>\n<meta property=\"article:publisher\" content=\"https:\/\/www.facebook.com\/timevision\" \/>\n<meta property=\"article:author\" content=\"https:\/\/www.facebook.com\/diletta.turco\" \/>\n<meta property=\"article:published_time\" content=\"2022-08-01T11:00:00+00:00\" \/>\n<meta property=\"article:modified_time\" content=\"2022-08-02T10:04:23+00:00\" \/>\n<meta property=\"og:image\" content=\"https:\/\/www.timevision.it\/news\/wp-content\/uploads\/2022\/08\/corsi_regione_campania_ecco_quelli_in_partenza.jpg\" \/>\n\t<meta property=\"og:image:width\" content=\"1600\" \/>\n\t<meta property=\"og:image:height\" content=\"900\" \/>\n\t<meta property=\"og:image:type\" content=\"image\/jpeg\" \/>\n<meta name=\"author\" content=\"Diletta Turco\" \/>\n<meta name=\"twitter:card\" content=\"summary_large_image\" \/>\n<meta name=\"twitter:creator\" content=\"@DilettaTurco\" \/>\n<meta name=\"twitter:site\" content=\"@time_vision\" \/>\n<meta name=\"twitter:label1\" content=\"Scritto da\" \/>\n\t<meta name=\"twitter:data1\" content=\"Diletta Turco\" \/>\n\t<meta name=\"twitter:label2\" content=\"Tempo di lettura stimato\" \/>\n\t<meta name=\"twitter:data2\" content=\"3 minuti\" \/>\n<!-- \/ Yoast SEO Premium plugin. -->","yoast_head_json":{"title":"Corsi Regione Campania: ecco quelli in partenza - News Formazione","description":"Sono molti i corsi di formazione in regione campania per ottenere competenze e qualifiche professionali | Ecco quelli in partenza a settembre","robots":{"index":"index","follow":"follow","max-snippet":"max-snippet:-1","max-image-preview":"max-image-preview:large","max-video-preview":"max-video-preview:-1"},"canonical":"https:\/\/www.timevision.it\/news\/persone\/corsi-di-formazione\/corsi-in-partenza\/corsi-regione-campania-ecco-quelli-in-partenza\/","og_locale":"it_IT","og_type":"article","og_title":"Corsi Regione Campania: ecco quelli in partenza","og_description":"Sono molti i corsi di formazione in regione campania per ottenere competenze e qualifiche professionali | Ecco quelli in partenza a settembre","og_url":"https:\/\/www.timevision.it\/news\/persone\/corsi-di-formazione\/corsi-in-partenza\/corsi-regione-campania-ecco-quelli-in-partenza\/","og_site_name":"News Formazione","article_publisher":"https:\/\/www.facebook.com\/timevision","article_author":"https:\/\/www.facebook.com\/diletta.turco","article_published_time":"2022-08-01T11:00:00+00:00","article_modified_time":"2022-08-02T10:04:23+00:00","og_image":[{"width":1600,"height":900,"url":"https:\/\/www.timevision.it\/news\/wp-content\/uploads\/2022\/08\/corsi_regione_campania_ecco_quelli_in_partenza.jpg","type":"image\/jpeg"}],"author":"Diletta Turco","twitter_card":"summary_large_image","twitter_creator":"@DilettaTurco","twitter_site":"@time_vision","twitter_misc":{"Scritto da":"Diletta Turco","Tempo di lettura stimato":"3 minuti"},"schema":{"@context":"https:\/\/schema.org","@graph":[{"@type":"Article","@id":"https:\/\/www.timevision.it\/news\/persone\/corsi-di-formazione\/corsi-in-partenza\/corsi-regione-campania-ecco-quelli-in-partenza\/#article","isPartOf":{"@id":"https:\/\/www.timevision.it\/news\/persone\/corsi-di-formazione\/corsi-in-partenza\/corsi-regione-campania-ecco-quelli-in-partenza\/"},"author":{"name":"Diletta Turco","@id":"https:\/\/www.timevision.it\/news\/#\/schema\/person\/5a1041a51d0449213a1d41fc9525dce0"},"headline":"Corsi Regione Campania: ecco quelli in partenza","datePublished":"2022-08-01T11:00:00+00:00","dateModified":"2022-08-02T10:04:23+00:00","mainEntityOfPage":{"@id":"https:\/\/www.timevision.it\/news\/persone\/corsi-di-formazione\/corsi-in-partenza\/corsi-regione-campania-ecco-quelli-in-partenza\/"},"wordCount":407,"commentCount":0,"publisher":{"@id":"https:\/\/www.timevision.it\/news\/#organization"},"image":{"@id":"https:\/\/www.timevision.it\/news\/persone\/corsi-di-formazione\/corsi-in-partenza\/corsi-regione-campania-ecco-quelli-in-partenza\/#primaryimage"},"thumbnailUrl":"https:\/\/www.timevision.it\/news\/wp-content\/uploads\/2022\/08\/corsi_regione_campania_ecco_quelli_in_partenza.jpg","keywords":["corsi formazione campania","corsi in partenza"],"articleSection":["Corsi in partenza"],"inLanguage":"it-IT","copyrightYear":"2022","copyrightHolder":{"@id":"https:\/\/www.timevision.it\/news\/#organization"}},{"@type":"WebPage","@id":"https:\/\/www.timevision.it\/news\/persone\/corsi-di-formazione\/corsi-in-partenza\/corsi-regione-campania-ecco-quelli-in-partenza\/","url":"https:\/\/www.timevision.it\/news\/persone\/corsi-di-formazione\/corsi-in-partenza\/corsi-regione-campania-ecco-quelli-in-partenza\/","name":"Corsi Regione Campania: ecco quelli in partenza - News Formazione","isPartOf":{"@id":"https:\/\/www.timevision.it\/news\/#website"},"primaryImageOfPage":{"@id":"https:\/\/www.timevision.it\/news\/persone\/corsi-di-formazione\/corsi-in-partenza\/corsi-regione-campania-ecco-quelli-in-partenza\/#primaryimage"},"image":{"@id":"https:\/\/www.timevision.it\/news\/persone\/corsi-di-formazione\/corsi-in-partenza\/corsi-regione-campania-ecco-quelli-in-partenza\/#primaryimage"},"thumbnailUrl":"https:\/\/www.timevision.it\/news\/wp-content\/uploads\/2022\/08\/corsi_regione_campania_ecco_quelli_in_partenza.jpg","datePublished":"2022-08-01T11:00:00+00:00","dateModified":"2022-08-02T10:04:23+00:00","description":"Sono molti i corsi di formazione in regione campania per ottenere competenze e qualifiche professionali | Ecco quelli in partenza a settembre","breadcrumb":{"@id":"https:\/\/www.timevision.it\/news\/persone\/corsi-di-formazione\/corsi-in-partenza\/corsi-regione-campania-ecco-quelli-in-partenza\/#breadcrumb"},"inLanguage":"it-IT","potentialAction":[{"@type":"ReadAction","target":["https:\/\/www.timevision.it\/news\/persone\/corsi-di-formazione\/corsi-in-partenza\/corsi-regione-campania-ecco-quelli-in-partenza\/"]}]},{"@type":"ImageObject","inLanguage":"it-IT","@id":"https:\/\/www.timevision.it\/news\/persone\/corsi-di-formazione\/corsi-in-partenza\/corsi-regione-campania-ecco-quelli-in-partenza\/#primaryimage","url":"https:\/\/www.timevision.it\/news\/wp-content\/uploads\/2022\/08\/corsi_regione_campania_ecco_quelli_in_partenza.jpg","contentUrl":"https:\/\/www.timevision.it\/news\/wp-content\/uploads\/2022\/08\/corsi_regione_campania_ecco_quelli_in_partenza.jpg","width":1600,"height":900,"caption":"corsi regione campania"},{"@type":"BreadcrumbList","@id":"https:\/\/www.timevision.it\/news\/persone\/corsi-di-formazione\/corsi-in-partenza\/corsi-regione-campania-ecco-quelli-in-partenza\/#breadcrumb","itemListElement":[{"@type":"ListItem","position":1,"name":"Home","item":"https:\/\/www.timevision.it\/news\/"},{"@type":"ListItem","position":2,"name":"Corsi Regione Campania: ecco quelli in partenza"}]},{"@type":"WebSite","@id":"https:\/\/www.timevision.it\/news\/#website","url":"https:\/\/www.timevision.it\/news\/","name":"Timevision","description":"Offrire alle imprese soluzioni ad hoc in materia del lavoro","publisher":{"@id":"https:\/\/www.timevision.it\/news\/#organization"},"potentialAction":[{"@type":"SearchAction","target":{"@type":"EntryPoint","urlTemplate":"https:\/\/www.timevision.it\/news\/?s={search_term_string}"},"query-input":{"@type":"PropertyValueSpecification","valueRequired":true,"valueName":"search_term_string"}}],"inLanguage":"it-IT"},{"@type":"Organization","@id":"https:\/\/www.timevision.it\/news\/#organization","name":"Timevision scarl","url":"https:\/\/www.timevision.it\/news\/","logo":{"@type":"ImageObject","inLanguage":"it-IT","@id":"https:\/\/www.timevision.it\/news\/#\/schema\/logo\/image\/","url":"https:\/\/www.timevision.it\/news\/wp-content\/uploads\/2020\/11\/logo-timevision-news.png","contentUrl":"https:\/\/www.timevision.it\/news\/wp-content\/uploads\/2020\/11\/logo-timevision-news.png","width":183,"height":32,"caption":"Timevision scarl"},"image":{"@id":"https:\/\/www.timevision.it\/news\/#\/schema\/logo\/image\/"},"sameAs":["https:\/\/www.facebook.com\/timevision","https:\/\/x.com\/time_vision","https:\/\/www.instagram.com\/_timevision_\/","https:\/\/www.linkedin.com\/company\/time-vision","https:\/\/www.youtube.com\/channel\/UC9s4MGbUHcN_HNbhqEiwfLg?view_as=subscriber"]},{"@type":"Person","@id":"https:\/\/www.timevision.it\/news\/#\/schema\/person\/5a1041a51d0449213a1d41fc9525dce0","name":"Diletta Turco","image":{"@type":"ImageObject","inLanguage":"it-IT","@id":"https:\/\/www.timevision.it\/news\/#\/schema\/person\/image\/","url":"https:\/\/secure.gravatar.com\/avatar\/9b24d533616d2cc913d205757462de8c?s=96&d=mm&r=g","contentUrl":"https:\/\/secure.gravatar.com\/avatar\/9b24d533616d2cc913d205757462de8c?s=96&d=mm&r=g","caption":"Diletta Turco"},"description":"Sono una giornalista con la passione per l'economia e il racconto d'impresa. Credo nella potenza della parola, soprattutto se accompagnata dai giusti obiettivi di comunicazione.","sameAs":["https:\/\/www.facebook.com\/diletta.turco","https:\/\/www.linkedin.com\/in\/diletta-turco-752016180\/","https:\/\/x.com\/DilettaTurco"],"url":"https:\/\/www.timevision.it\/news\/author\/diletta-turco\/"}]}},"_links":{"self":[{"href":"https:\/\/www.timevision.it\/news\/wp-json\/wp\/v2\/posts\/37530"}],"collection":[{"href":"https:\/\/www.timevision.it\/news\/wp-json\/wp\/v2\/posts"}],"about":[{"href":"https:\/\/www.timevision.it\/news\/wp-json\/wp\/v2\/types\/post"}],"author":[{"embeddable":true,"href":"https:\/\/www.timevision.it\/news\/wp-json\/wp\/v2\/users\/11"}],"replies":[{"embeddable":true,"href":"https:\/\/www.timevision.it\/news\/wp-json\/wp\/v2\/comments?post=37530"}],"version-history":[{"count":4,"href":"https:\/\/www.timevision.it\/news\/wp-json\/wp\/v2\/posts\/37530\/revisions"}],"predecessor-version":[{"id":37558,"href":"https:\/\/www.timevision.it\/news\/wp-json\/wp\/v2\/posts\/37530\/revisions\/37558"}],"wp:featuredmedia":[{"embeddable":true,"href":"https:\/\/www.timevision.it\/news\/wp-json\/wp\/v2\/media\/37532"}],"wp:attachment":[{"href":"https:\/\/www.timevision.it\/news\/wp-json\/wp\/v2\/media?parent=37530"}],"wp:term":[{"taxonomy":"category","embeddable":true,"href":"https:\/\/www.timevision.it\/news\/wp-json\/wp\/v2\/categories?post=37530"},{"taxonomy":"post_tag","embeddable":true,"href":"https:\/\/www.timevision.it\/news\/wp-json\/wp\/v2\/tags?post=37530"}],"curies":[{"name":"wp","href":"https:\/\/api.w.org\/{rel}","templated":true}]}}