{"id":41072,"date":"2023-05-05T14:00:00","date_gmt":"2023-05-05T12:00:00","guid":{"rendered":"https:\/\/www.timevision.it\/news\/?p=41072"},"modified":"2023-05-05T12:03:11","modified_gmt":"2023-05-05T10:03:11","slug":"formazione-aziendale-l-avviso-fondirigenti","status":"publish","type":"post","link":"https:\/\/www.timevision.it\/news\/aziende\/formazione-dipendenti\/formazione-finanziata\/fondodirigenti\/formazione-aziendale-l-avviso-fondirigenti\/","title":{"rendered":"Formazione aziendale: l&#8217;avviso Fondirigenti"},"content":{"rendered":"\n<p>Si chiama <strong>&#8220;Apprendere per competere&#8221; l&#8217;avviso 1\/2023 Fondirigenti<\/strong> per la formazione aziendale rivolta ai manager. Il tesoretto messo a disposizione dal fondo interprofessionale \u00e8 di 8 milioni di euro. Molte le aree di intervento formativo previste, tutte con un unico obiettivo: l&#8217;upskilling innovativo dei leader d&#8217;azienda.\u00a0<\/p>\n\n\n\n<h2 class=\"wp-block-heading\" id=\"h-i-dettagli-dell-avviso-fondirigenti\">I dettagli dell&#8217;avviso Fondirigenti<\/h2>\n\n\n\n<p>Come detto, l&#8217;avviso 1\/2023 Fondirigenti per la formazione dei manager d&#8217;azienda prevede la costruzione di un mix di competenze soft e hard in grado di:<\/p>\n\n\n\n<ul class=\"wp-block-list\"><li>valorizzare in modo proattivo il team <\/li><li>rendere l\u2019organizzazione pi\u00f9 innovativa, sostenibile e resiliente<\/li><\/ul>\n\n\n\n<p>I destinatari degli interventi di formazione aziendale sono i dirigenti occupati presso le aziende aderenti a Fondirigenti. Il tesoretto, come detto, \u00e8 di <strong>8 milioni di euro <\/strong>e il finanziamento massimo per ogni piano formativo \u00e8 di 12.500 euro.<\/p>\n\n\n\n<p>Tre le macroaree di intervento previste dall&#8217;avviso:<\/p>\n\n\n\n<ul class=\"wp-block-list\"><li><strong>innovazione<\/strong><\/li><li><strong>sostenibilit\u00e0<\/strong><\/li><li><strong>resilienza<\/strong><\/li><\/ul>\n\n\n\n<p>Per ogni macroarea ci sono determinate tematiche da sviluppare.<\/p>\n\n\n\n<h2 class=\"wp-block-heading\" id=\"h-la-formazione-aziendale-sull-innovazione\">La formazione aziendale sull&#8217;innovazione<\/h2>\n\n\n\n<p>Nello specifico, per quanto riguarda <strong>l&#8217;area dell&#8217;innovazione<\/strong>, la formazione aziendale prevista per l&#8217;avviso 1\/2023 Fondirigenti intende sviluppare nuove competenze su determinati aspetti:<\/p>\n\n\n\n<ul class=\"wp-block-list\"><li>Trasformazione digitale dei processi aziendali produttivi, logistici, di vendita<\/li><li>Governo dei dati<\/li><li>Cybersecurity<\/li><\/ul>\n\n\n\n<p>Per quanto riguarda, invece, <strong>l&#8217;area della sostenibilit\u00e0<\/strong>, i temi su cui costruire i progetti formativi sono:<\/p>\n\n\n\n<ul class=\"wp-block-list\"><li>Sostenibilit\u00e0 ambientale<\/li><li>Sostenibilit\u00e0 sociale<\/li><li>Sostenibilit\u00e0 economica<\/li><\/ul>\n\n\n\n<p>Per quanto riguarda, invece, la <strong>macroarea della resilienza,<\/strong> gli interventi della formazione aziendale possono riguardare:<\/p>\n\n\n\n<ul class=\"wp-block-list\"><li>Rischi finanziari<\/li><li>Cambiamenti dei mercati<\/li><li>Cambiamenti organizzativi<\/li><\/ul>\n\n\n\n<h2 class=\"wp-block-heading\" id=\"h-come-partecipare-all-avviso\">Come partecipare all&#8217;avviso<\/h2>\n\n\n\n<p>La presentazione dei Piani formativi sar\u00e0 effettuata esclusivamente on line, attraverso l&#8217;Area riservata delle aziende sul portale di Fondirigenti.<\/p>\n\n\n\n<p>Nessuna documentazione cartacea dovr\u00e0 essere trasmessa al Fondo n\u00e9 in fase di presentazione n\u00e9 in fase di rendicontazione.<\/p>\n\n\n\n<p><strong>L\u2019accesso all\u2019Area riservata sar\u00e0 disponibile dalle ore 12.00 del 15 maggio 2023 fino alle ore 12.00 del 21 giugno 2023.\u00a0<\/strong><\/p>\n\n\n<a class=\"maxbutton-7 maxbutton maxbutton-fondirigenti bottone-centrato\" href=\"https:\/\/www.timevision.it\/fondi-interprofessionali\/avvisi-aperti-fondirigenti\/\"><span class='mb-text'>VUOI SAPERNE DI PI\u00da?<\/span><\/a>","protected":false},"excerpt":{"rendered":"<p>Si chiama &#8220;Apprendere per competere&#8221; l&#8217;avviso 1\/2023 Fondirigenti per la formazione aziendale rivolta ai manager. Il tesoretto messo a disposizione dal fondo interprofessionale \u00e8 di 8 milioni di euro. Molte le aree di intervento formativo previste, tutte con un unico obiettivo: l&#8217;upskilling innovativo dei leader d&#8217;azienda.\u00a0 I dettagli dell&#8217;avviso Fondirigenti Come detto, l&#8217;avviso 1\/2023 Fondirigenti&#8230;<\/p>\n","protected":false},"author":11,"featured_media":41073,"comment_status":"open","ping_status":"open","sticky":false,"template":"","format":"standard","meta":{"_acf_changed":false,"content-type":"","inline_featured_image":false,"_themeisle_gutenberg_block_has_review":false,"footnotes":""},"categories":[470],"tags":[834,1494],"class_list":["post-41072","post","type-post","status-publish","format-standard","has-post-thumbnail","hentry","category-fondodirigenti","tag-fondirigenti","tag-formazione-aziendale"],"acf":[],"yoast_head":"<!-- This site is optimized with the Yoast SEO Premium plugin v19.5 (Yoast SEO v25.6) - https:\/\/yoast.com\/wordpress\/plugins\/seo\/ -->\n<title>Formazione aziendale: l&#039;avviso Fondirigenti - News Formazione<\/title>\n<meta name=\"description\" content=\"Si chiama apprendere per competere il nuovo avviso Fondirigenti per la formazione aziendale | 8 milioni di euro per le aziende\" \/>\n<meta name=\"robots\" content=\"index, follow, max-snippet:-1, max-image-preview:large, max-video-preview:-1\" \/>\n<link rel=\"canonical\" href=\"https:\/\/www.timevision.it\/news\/aziende\/formazione-dipendenti\/formazione-finanziata\/fondodirigenti\/formazione-aziendale-l-avviso-fondirigenti\/\" \/>\n<meta property=\"og:locale\" content=\"it_IT\" \/>\n<meta property=\"og:type\" content=\"article\" \/>\n<meta property=\"og:title\" content=\"Formazione aziendale: l&#039;avviso Fondirigenti\" \/>\n<meta property=\"og:description\" content=\"Si chiama apprendere per competere il nuovo avviso Fondirigenti per la formazione aziendale | 8 milioni di euro per le aziende\" \/>\n<meta property=\"og:url\" content=\"https:\/\/www.timevision.it\/news\/aziende\/formazione-dipendenti\/formazione-finanziata\/fondodirigenti\/formazione-aziendale-l-avviso-fondirigenti\/\" \/>\n<meta property=\"og:site_name\" content=\"News Formazione\" \/>\n<meta property=\"article:publisher\" content=\"https:\/\/www.facebook.com\/timevision\" \/>\n<meta property=\"article:author\" content=\"https:\/\/www.facebook.com\/diletta.turco\" \/>\n<meta property=\"article:published_time\" content=\"2023-05-05T12:00:00+00:00\" \/>\n<meta property=\"og:image\" content=\"https:\/\/www.timevision.it\/news\/wp-content\/uploads\/2023\/05\/formazione_aziendale_l_avviso_fondirigenti.jpg\" \/>\n\t<meta property=\"og:image:width\" content=\"1600\" \/>\n\t<meta property=\"og:image:height\" content=\"900\" \/>\n\t<meta property=\"og:image:type\" content=\"image\/jpeg\" \/>\n<meta name=\"author\" content=\"Diletta Turco\" \/>\n<meta name=\"twitter:card\" content=\"summary_large_image\" \/>\n<meta name=\"twitter:creator\" content=\"@DilettaTurco\" \/>\n<meta name=\"twitter:site\" content=\"@time_vision\" \/>\n<meta name=\"twitter:label1\" content=\"Scritto da\" \/>\n\t<meta name=\"twitter:data1\" content=\"Diletta Turco\" \/>\n\t<meta name=\"twitter:label2\" content=\"Tempo di lettura stimato\" \/>\n\t<meta name=\"twitter:data2\" content=\"2 minuti\" \/>\n<!-- \/ Yoast SEO Premium plugin. -->","yoast_head_json":{"title":"Formazione aziendale: l'avviso Fondirigenti - News Formazione","description":"Si chiama apprendere per competere il nuovo avviso Fondirigenti per la formazione aziendale | 8 milioni di euro per le aziende","robots":{"index":"index","follow":"follow","max-snippet":"max-snippet:-1","max-image-preview":"max-image-preview:large","max-video-preview":"max-video-preview:-1"},"canonical":"https:\/\/www.timevision.it\/news\/aziende\/formazione-dipendenti\/formazione-finanziata\/fondodirigenti\/formazione-aziendale-l-avviso-fondirigenti\/","og_locale":"it_IT","og_type":"article","og_title":"Formazione aziendale: l'avviso Fondirigenti","og_description":"Si chiama apprendere per competere il nuovo avviso Fondirigenti per la formazione aziendale | 8 milioni di euro per le aziende","og_url":"https:\/\/www.timevision.it\/news\/aziende\/formazione-dipendenti\/formazione-finanziata\/fondodirigenti\/formazione-aziendale-l-avviso-fondirigenti\/","og_site_name":"News Formazione","article_publisher":"https:\/\/www.facebook.com\/timevision","article_author":"https:\/\/www.facebook.com\/diletta.turco","article_published_time":"2023-05-05T12:00:00+00:00","og_image":[{"width":1600,"height":900,"url":"https:\/\/www.timevision.it\/news\/wp-content\/uploads\/2023\/05\/formazione_aziendale_l_avviso_fondirigenti.jpg","type":"image\/jpeg"}],"author":"Diletta Turco","twitter_card":"summary_large_image","twitter_creator":"@DilettaTurco","twitter_site":"@time_vision","twitter_misc":{"Scritto da":"Diletta Turco","Tempo di lettura stimato":"2 minuti"},"schema":{"@context":"https:\/\/schema.org","@graph":[{"@type":"Article","@id":"https:\/\/www.timevision.it\/news\/aziende\/formazione-dipendenti\/formazione-finanziata\/fondodirigenti\/formazione-aziendale-l-avviso-fondirigenti\/#article","isPartOf":{"@id":"https:\/\/www.timevision.it\/news\/aziende\/formazione-dipendenti\/formazione-finanziata\/fondodirigenti\/formazione-aziendale-l-avviso-fondirigenti\/"},"author":{"name":"Diletta Turco","@id":"https:\/\/www.timevision.it\/news\/#\/schema\/person\/5a1041a51d0449213a1d41fc9525dce0"},"headline":"Formazione aziendale: l&#8217;avviso Fondirigenti","datePublished":"2023-05-05T12:00:00+00:00","mainEntityOfPage":{"@id":"https:\/\/www.timevision.it\/news\/aziende\/formazione-dipendenti\/formazione-finanziata\/fondodirigenti\/formazione-aziendale-l-avviso-fondirigenti\/"},"wordCount":296,"commentCount":0,"publisher":{"@id":"https:\/\/www.timevision.it\/news\/#organization"},"image":{"@id":"https:\/\/www.timevision.it\/news\/aziende\/formazione-dipendenti\/formazione-finanziata\/fondodirigenti\/formazione-aziendale-l-avviso-fondirigenti\/#primaryimage"},"thumbnailUrl":"https:\/\/www.timevision.it\/news\/wp-content\/uploads\/2023\/05\/formazione_aziendale_l_avviso_fondirigenti.jpg","keywords":["Fondirigenti","formazione aziendale"],"articleSection":["Fondodirigenti"],"inLanguage":"it-IT","copyrightYear":"2023","copyrightHolder":{"@id":"https:\/\/www.timevision.it\/news\/#organization"}},{"@type":"WebPage","@id":"https:\/\/www.timevision.it\/news\/aziende\/formazione-dipendenti\/formazione-finanziata\/fondodirigenti\/formazione-aziendale-l-avviso-fondirigenti\/","url":"https:\/\/www.timevision.it\/news\/aziende\/formazione-dipendenti\/formazione-finanziata\/fondodirigenti\/formazione-aziendale-l-avviso-fondirigenti\/","name":"Formazione aziendale: l'avviso Fondirigenti - News Formazione","isPartOf":{"@id":"https:\/\/www.timevision.it\/news\/#website"},"primaryImageOfPage":{"@id":"https:\/\/www.timevision.it\/news\/aziende\/formazione-dipendenti\/formazione-finanziata\/fondodirigenti\/formazione-aziendale-l-avviso-fondirigenti\/#primaryimage"},"image":{"@id":"https:\/\/www.timevision.it\/news\/aziende\/formazione-dipendenti\/formazione-finanziata\/fondodirigenti\/formazione-aziendale-l-avviso-fondirigenti\/#primaryimage"},"thumbnailUrl":"https:\/\/www.timevision.it\/news\/wp-content\/uploads\/2023\/05\/formazione_aziendale_l_avviso_fondirigenti.jpg","datePublished":"2023-05-05T12:00:00+00:00","description":"Si chiama apprendere per competere il nuovo avviso Fondirigenti per la formazione aziendale | 8 milioni di euro per le aziende","breadcrumb":{"@id":"https:\/\/www.timevision.it\/news\/aziende\/formazione-dipendenti\/formazione-finanziata\/fondodirigenti\/formazione-aziendale-l-avviso-fondirigenti\/#breadcrumb"},"inLanguage":"it-IT","potentialAction":[{"@type":"ReadAction","target":["https:\/\/www.timevision.it\/news\/aziende\/formazione-dipendenti\/formazione-finanziata\/fondodirigenti\/formazione-aziendale-l-avviso-fondirigenti\/"]}]},{"@type":"ImageObject","inLanguage":"it-IT","@id":"https:\/\/www.timevision.it\/news\/aziende\/formazione-dipendenti\/formazione-finanziata\/fondodirigenti\/formazione-aziendale-l-avviso-fondirigenti\/#primaryimage","url":"https:\/\/www.timevision.it\/news\/wp-content\/uploads\/2023\/05\/formazione_aziendale_l_avviso_fondirigenti.jpg","contentUrl":"https:\/\/www.timevision.it\/news\/wp-content\/uploads\/2023\/05\/formazione_aziendale_l_avviso_fondirigenti.jpg","width":1600,"height":900,"caption":"Formazione aziendale: l'avviso Fondirigenti"},{"@type":"BreadcrumbList","@id":"https:\/\/www.timevision.it\/news\/aziende\/formazione-dipendenti\/formazione-finanziata\/fondodirigenti\/formazione-aziendale-l-avviso-fondirigenti\/#breadcrumb","itemListElement":[{"@type":"ListItem","position":1,"name":"Home","item":"https:\/\/www.timevision.it\/news\/"},{"@type":"ListItem","position":2,"name":"Formazione aziendale: l&#8217;avviso Fondirigenti"}]},{"@type":"WebSite","@id":"https:\/\/www.timevision.it\/news\/#website","url":"https:\/\/www.timevision.it\/news\/","name":"Timevision","description":"Offrire alle imprese soluzioni ad hoc in materia del lavoro","publisher":{"@id":"https:\/\/www.timevision.it\/news\/#organization"},"potentialAction":[{"@type":"SearchAction","target":{"@type":"EntryPoint","urlTemplate":"https:\/\/www.timevision.it\/news\/?s={search_term_string}"},"query-input":{"@type":"PropertyValueSpecification","valueRequired":true,"valueName":"search_term_string"}}],"inLanguage":"it-IT"},{"@type":"Organization","@id":"https:\/\/www.timevision.it\/news\/#organization","name":"Timevision scarl","url":"https:\/\/www.timevision.it\/news\/","logo":{"@type":"ImageObject","inLanguage":"it-IT","@id":"https:\/\/www.timevision.it\/news\/#\/schema\/logo\/image\/","url":"https:\/\/www.timevision.it\/news\/wp-content\/uploads\/2020\/11\/logo-timevision-news.png","contentUrl":"https:\/\/www.timevision.it\/news\/wp-content\/uploads\/2020\/11\/logo-timevision-news.png","width":183,"height":32,"caption":"Timevision scarl"},"image":{"@id":"https:\/\/www.timevision.it\/news\/#\/schema\/logo\/image\/"},"sameAs":["https:\/\/www.facebook.com\/timevision","https:\/\/x.com\/time_vision","https:\/\/www.instagram.com\/_timevision_\/","https:\/\/www.linkedin.com\/company\/time-vision","https:\/\/www.youtube.com\/channel\/UC9s4MGbUHcN_HNbhqEiwfLg?view_as=subscriber"]},{"@type":"Person","@id":"https:\/\/www.timevision.it\/news\/#\/schema\/person\/5a1041a51d0449213a1d41fc9525dce0","name":"Diletta Turco","image":{"@type":"ImageObject","inLanguage":"it-IT","@id":"https:\/\/www.timevision.it\/news\/#\/schema\/person\/image\/","url":"https:\/\/secure.gravatar.com\/avatar\/9b24d533616d2cc913d205757462de8c?s=96&d=mm&r=g","contentUrl":"https:\/\/secure.gravatar.com\/avatar\/9b24d533616d2cc913d205757462de8c?s=96&d=mm&r=g","caption":"Diletta Turco"},"description":"Sono una giornalista con la passione per l'economia e il racconto d'impresa. Credo nella potenza della parola, soprattutto se accompagnata dai giusti obiettivi di comunicazione.","sameAs":["https:\/\/www.facebook.com\/diletta.turco","https:\/\/www.linkedin.com\/in\/diletta-turco-752016180\/","https:\/\/x.com\/DilettaTurco"],"url":"https:\/\/www.timevision.it\/news\/author\/diletta-turco\/"}]}},"_links":{"self":[{"href":"https:\/\/www.timevision.it\/news\/wp-json\/wp\/v2\/posts\/41072"}],"collection":[{"href":"https:\/\/www.timevision.it\/news\/wp-json\/wp\/v2\/posts"}],"about":[{"href":"https:\/\/www.timevision.it\/news\/wp-json\/wp\/v2\/types\/post"}],"author":[{"embeddable":true,"href":"https:\/\/www.timevision.it\/news\/wp-json\/wp\/v2\/users\/11"}],"replies":[{"embeddable":true,"href":"https:\/\/www.timevision.it\/news\/wp-json\/wp\/v2\/comments?post=41072"}],"version-history":[{"count":1,"href":"https:\/\/www.timevision.it\/news\/wp-json\/wp\/v2\/posts\/41072\/revisions"}],"predecessor-version":[{"id":41074,"href":"https:\/\/www.timevision.it\/news\/wp-json\/wp\/v2\/posts\/41072\/revisions\/41074"}],"wp:featuredmedia":[{"embeddable":true,"href":"https:\/\/www.timevision.it\/news\/wp-json\/wp\/v2\/media\/41073"}],"wp:attachment":[{"href":"https:\/\/www.timevision.it\/news\/wp-json\/wp\/v2\/media?parent=41072"}],"wp:term":[{"taxonomy":"category","embeddable":true,"href":"https:\/\/www.timevision.it\/news\/wp-json\/wp\/v2\/categories?post=41072"},{"taxonomy":"post_tag","embeddable":true,"href":"https:\/\/www.timevision.it\/news\/wp-json\/wp\/v2\/tags?post=41072"}],"curies":[{"name":"wp","href":"https:\/\/api.w.org\/{rel}","templated":true}]}}