{"id":44276,"date":"2024-01-10T08:00:00","date_gmt":"2024-01-10T07:00:00","guid":{"rendered":"https:\/\/www.timevision.it\/news\/?p=44276"},"modified":"2024-01-09T12:18:49","modified_gmt":"2024-01-09T11:18:49","slug":"istat-incremento-delloccupazione-a-novembre","status":"publish","type":"post","link":"https:\/\/www.timevision.it\/news\/aziende\/istat-incremento-delloccupazione-a-novembre\/","title":{"rendered":"Istat: incremento dell&#8217;occupazione a novembre"},"content":{"rendered":"\n<p>Diffuso l&#8217;ultimo report dell&#8217;<strong>Istat<\/strong> che attesta numeri soddisfacenti per quanto riguarda i trend sull&#8217;occupazione di <strong>novembre 2023<\/strong>. Rispetto allo stesso mese del 2022 c&#8217;\u00e8 un incremento importante dell&#8217;occupazione: <strong>2,2%<\/strong> con <strong>+520 mila unit\u00e0<\/strong>.<\/p>\n\n\n\n<h2 class=\"wp-block-heading\" id=\"h-istat-calo-della-disoccupazione-a-novembre\">Istat: calo della disoccupazione a novembre<\/h2>\n\n\n\n<p>L&#8217;ultimo rapporto Istat, quello che analizza il mese di novembre 2023, registra un <strong>aumento dell&#8217;occupazione<\/strong> e degli inattivi. Cala la disoccupazione. Il tasso di occupazione \u00e8 del 61,8% con l&#8217;incremento di questo dato che aumenta di 30 mila unit\u00e0.<\/p>\n\n\n\n<p>Il numero di occupati a <strong>novembre 2023<\/strong> supera quello di novembre 2022 del 2,2% con un segno positivo di <strong>520mila<\/strong> nuovi professionisti. Il rapporto Istat registra anche una decrescita del numero di persone in cerca di lavoro che diminuisce del 3,3% con -66 mila unit\u00e0 rispetto all&#8217;anno precedente. C&#8217;\u00e8, invece, un incremento di inattivi nella fascia di et\u00e0 inferiore ai 35 anni.<\/p>\n\n\n\n<h2 class=\"wp-block-heading\" id=\"h-i-numeri-del-decremento-della-disoccupazione\">I numeri del decremento della disoccupazione<\/h2>\n\n\n\n<p>Il report Istat si sofferma anche sui numeri del tasso di disoccupazione nel mese di novembre 2023. La disoccupazione cala del 7,5% rispetto al 2022 con il tasso che si abbassa notevolmente (-21%) per la disoccupazione giovanile. Nella fascia 15-24 anni si prendono in considerazione i numeri pi\u00f9 soddisfacenti con la riduzione del tasso di disoccupazione che non era cos\u00ec dal <strong>2008.<\/strong>\u00a0<\/p>\n\n\n\n<p>La crescita economica \u00e8 ancora lenta, ma l&#8217;Istat attesta che la ripartenza delle aziende \u00e8 avviata e lo si vede dall&#8217;<strong>aumento dell&#8217;occupazione<\/strong> che coincide con il calo della disoccupazione.<\/p>\n\n\n<a class=\"maxbutton-17 maxbutton maxbutton-richiedi-una-consulenza-su-misura-b2b\" href=\"https:\/\/www.timevision.it\/aziende\/\"><span class='mb-text'>TI INTERESSA QUESTA NOTIZIA? CLICCA PER MAGGIORI INFO<\/span><\/a>","protected":false},"excerpt":{"rendered":"<p>Diffuso l&#8217;ultimo report dell&#8217;Istat che attesta numeri soddisfacenti per quanto riguarda i trend sull&#8217;occupazione di novembre 2023. Rispetto allo stesso mese del 2022 c&#8217;\u00e8 un incremento importante dell&#8217;occupazione: 2,2% con +520 mila unit\u00e0. Istat: calo della disoccupazione a novembre L&#8217;ultimo rapporto Istat, quello che analizza il mese di novembre 2023, registra un aumento dell&#8217;occupazione e&#8230;<\/p>\n","protected":false},"author":23,"featured_media":44048,"comment_status":"closed","ping_status":"closed","sticky":false,"template":"","format":"standard","meta":{"_acf_changed":false,"content-type":"","inline_featured_image":false,"_themeisle_gutenberg_block_has_review":false,"footnotes":""},"categories":[465,506],"tags":[716,191],"class_list":["post-44276","post","type-post","status-publish","format-standard","has-post-thumbnail","hentry","category-aziende","category-lavoro","tag-istat","tag-lavoro"],"acf":[],"yoast_head":"<!-- This site is optimized with the Yoast SEO Premium plugin v19.5 (Yoast SEO v25.6) - https:\/\/yoast.com\/wordpress\/plugins\/seo\/ -->\n<title>Istat: incremento dell&#039;occupazione a novembre - News Formazione<\/title>\n<meta name=\"description\" content=\"Ultimo rapporto Istat che attesta un aumento di occupati e inattivi nel novembre 2023. Calo drastico della disoccupazione\" \/>\n<meta name=\"robots\" content=\"index, follow, max-snippet:-1, max-image-preview:large, max-video-preview:-1\" \/>\n<link rel=\"canonical\" href=\"https:\/\/www.timevision.it\/news\/aziende\/istat-incremento-delloccupazione-a-novembre\/\" \/>\n<meta property=\"og:locale\" content=\"it_IT\" \/>\n<meta property=\"og:type\" content=\"article\" \/>\n<meta property=\"og:title\" content=\"Istat: incremento dell&#039;occupazione a novembre\" \/>\n<meta property=\"og:description\" content=\"Ultimo rapporto Istat che attesta un aumento di occupati e inattivi nel novembre 2023. Calo drastico della disoccupazione\" \/>\n<meta property=\"og:url\" content=\"https:\/\/www.timevision.it\/news\/aziende\/istat-incremento-delloccupazione-a-novembre\/\" \/>\n<meta property=\"og:site_name\" content=\"News Formazione\" \/>\n<meta property=\"article:publisher\" content=\"https:\/\/www.facebook.com\/timevision\" \/>\n<meta property=\"article:published_time\" content=\"2024-01-10T07:00:00+00:00\" \/>\n<meta property=\"og:image\" content=\"https:\/\/www.timevision.it\/news\/wp-content\/uploads\/2023\/12\/competenze_digitali_le_aziende_cercano_profili.jpg\" \/>\n\t<meta property=\"og:image:width\" content=\"1600\" \/>\n\t<meta property=\"og:image:height\" content=\"900\" \/>\n\t<meta property=\"og:image:type\" content=\"image\/jpeg\" \/>\n<meta name=\"author\" content=\"Davide Ferrante\" \/>\n<meta name=\"twitter:card\" content=\"summary_large_image\" \/>\n<meta name=\"twitter:creator\" content=\"@time_vision\" \/>\n<meta name=\"twitter:site\" content=\"@time_vision\" \/>\n<meta name=\"twitter:label1\" content=\"Scritto da\" \/>\n\t<meta name=\"twitter:data1\" content=\"Davide Ferrante\" \/>\n\t<meta name=\"twitter:label2\" content=\"Tempo di lettura stimato\" \/>\n\t<meta name=\"twitter:data2\" content=\"2 minuti\" \/>\n<!-- \/ Yoast SEO Premium plugin. -->","yoast_head_json":{"title":"Istat: incremento dell'occupazione a novembre - News Formazione","description":"Ultimo rapporto Istat che attesta un aumento di occupati e inattivi nel novembre 2023. Calo drastico della disoccupazione","robots":{"index":"index","follow":"follow","max-snippet":"max-snippet:-1","max-image-preview":"max-image-preview:large","max-video-preview":"max-video-preview:-1"},"canonical":"https:\/\/www.timevision.it\/news\/aziende\/istat-incremento-delloccupazione-a-novembre\/","og_locale":"it_IT","og_type":"article","og_title":"Istat: incremento dell'occupazione a novembre","og_description":"Ultimo rapporto Istat che attesta un aumento di occupati e inattivi nel novembre 2023. Calo drastico della disoccupazione","og_url":"https:\/\/www.timevision.it\/news\/aziende\/istat-incremento-delloccupazione-a-novembre\/","og_site_name":"News Formazione","article_publisher":"https:\/\/www.facebook.com\/timevision","article_published_time":"2024-01-10T07:00:00+00:00","og_image":[{"width":1600,"height":900,"url":"https:\/\/www.timevision.it\/news\/wp-content\/uploads\/2023\/12\/competenze_digitali_le_aziende_cercano_profili.jpg","type":"image\/jpeg"}],"author":"Davide Ferrante","twitter_card":"summary_large_image","twitter_creator":"@time_vision","twitter_site":"@time_vision","twitter_misc":{"Scritto da":"Davide Ferrante","Tempo di lettura stimato":"2 minuti"},"schema":{"@context":"https:\/\/schema.org","@graph":[{"@type":"Article","@id":"https:\/\/www.timevision.it\/news\/aziende\/istat-incremento-delloccupazione-a-novembre\/#article","isPartOf":{"@id":"https:\/\/www.timevision.it\/news\/aziende\/istat-incremento-delloccupazione-a-novembre\/"},"author":{"name":"Davide Ferrante","@id":"https:\/\/www.timevision.it\/news\/#\/schema\/person\/bca81f515796a2febfc11921eab93852"},"headline":"Istat: incremento dell&#8217;occupazione a novembre","datePublished":"2024-01-10T07:00:00+00:00","mainEntityOfPage":{"@id":"https:\/\/www.timevision.it\/news\/aziende\/istat-incremento-delloccupazione-a-novembre\/"},"wordCount":235,"publisher":{"@id":"https:\/\/www.timevision.it\/news\/#organization"},"image":{"@id":"https:\/\/www.timevision.it\/news\/aziende\/istat-incremento-delloccupazione-a-novembre\/#primaryimage"},"thumbnailUrl":"https:\/\/www.timevision.it\/news\/wp-content\/uploads\/2023\/12\/competenze_digitali_le_aziende_cercano_profili.jpg","keywords":["istat","lavoro"],"articleSection":["Aziende","Lavoro"],"inLanguage":"it-IT","copyrightYear":"2024","copyrightHolder":{"@id":"https:\/\/www.timevision.it\/news\/#organization"}},{"@type":"WebPage","@id":"https:\/\/www.timevision.it\/news\/aziende\/istat-incremento-delloccupazione-a-novembre\/","url":"https:\/\/www.timevision.it\/news\/aziende\/istat-incremento-delloccupazione-a-novembre\/","name":"Istat: incremento dell'occupazione a novembre - News Formazione","isPartOf":{"@id":"https:\/\/www.timevision.it\/news\/#website"},"primaryImageOfPage":{"@id":"https:\/\/www.timevision.it\/news\/aziende\/istat-incremento-delloccupazione-a-novembre\/#primaryimage"},"image":{"@id":"https:\/\/www.timevision.it\/news\/aziende\/istat-incremento-delloccupazione-a-novembre\/#primaryimage"},"thumbnailUrl":"https:\/\/www.timevision.it\/news\/wp-content\/uploads\/2023\/12\/competenze_digitali_le_aziende_cercano_profili.jpg","datePublished":"2024-01-10T07:00:00+00:00","description":"Ultimo rapporto Istat che attesta un aumento di occupati e inattivi nel novembre 2023. Calo drastico della disoccupazione","breadcrumb":{"@id":"https:\/\/www.timevision.it\/news\/aziende\/istat-incremento-delloccupazione-a-novembre\/#breadcrumb"},"inLanguage":"it-IT","potentialAction":[{"@type":"ReadAction","target":["https:\/\/www.timevision.it\/news\/aziende\/istat-incremento-delloccupazione-a-novembre\/"]}]},{"@type":"ImageObject","inLanguage":"it-IT","@id":"https:\/\/www.timevision.it\/news\/aziende\/istat-incremento-delloccupazione-a-novembre\/#primaryimage","url":"https:\/\/www.timevision.it\/news\/wp-content\/uploads\/2023\/12\/competenze_digitali_le_aziende_cercano_profili.jpg","contentUrl":"https:\/\/www.timevision.it\/news\/wp-content\/uploads\/2023\/12\/competenze_digitali_le_aziende_cercano_profili.jpg","width":1600,"height":900,"caption":"istat"},{"@type":"BreadcrumbList","@id":"https:\/\/www.timevision.it\/news\/aziende\/istat-incremento-delloccupazione-a-novembre\/#breadcrumb","itemListElement":[{"@type":"ListItem","position":1,"name":"Home","item":"https:\/\/www.timevision.it\/news\/"},{"@type":"ListItem","position":2,"name":"Istat: incremento dell&#8217;occupazione a novembre"}]},{"@type":"WebSite","@id":"https:\/\/www.timevision.it\/news\/#website","url":"https:\/\/www.timevision.it\/news\/","name":"Timevision","description":"Offrire alle imprese soluzioni ad hoc in materia del lavoro","publisher":{"@id":"https:\/\/www.timevision.it\/news\/#organization"},"potentialAction":[{"@type":"SearchAction","target":{"@type":"EntryPoint","urlTemplate":"https:\/\/www.timevision.it\/news\/?s={search_term_string}"},"query-input":{"@type":"PropertyValueSpecification","valueRequired":true,"valueName":"search_term_string"}}],"inLanguage":"it-IT"},{"@type":"Organization","@id":"https:\/\/www.timevision.it\/news\/#organization","name":"Timevision scarl","url":"https:\/\/www.timevision.it\/news\/","logo":{"@type":"ImageObject","inLanguage":"it-IT","@id":"https:\/\/www.timevision.it\/news\/#\/schema\/logo\/image\/","url":"https:\/\/www.timevision.it\/news\/wp-content\/uploads\/2020\/11\/logo-timevision-news.png","contentUrl":"https:\/\/www.timevision.it\/news\/wp-content\/uploads\/2020\/11\/logo-timevision-news.png","width":183,"height":32,"caption":"Timevision scarl"},"image":{"@id":"https:\/\/www.timevision.it\/news\/#\/schema\/logo\/image\/"},"sameAs":["https:\/\/www.facebook.com\/timevision","https:\/\/x.com\/time_vision","https:\/\/www.instagram.com\/_timevision_\/","https:\/\/www.linkedin.com\/company\/time-vision","https:\/\/www.youtube.com\/channel\/UC9s4MGbUHcN_HNbhqEiwfLg?view_as=subscriber"]},{"@type":"Person","@id":"https:\/\/www.timevision.it\/news\/#\/schema\/person\/bca81f515796a2febfc11921eab93852","name":"Davide Ferrante","image":{"@type":"ImageObject","inLanguage":"it-IT","@id":"https:\/\/www.timevision.it\/news\/#\/schema\/person\/image\/","url":"https:\/\/secure.gravatar.com\/avatar\/e1f5447c1cc548878fa53fbe66fc52d9?s=96&d=mm&r=g","contentUrl":"https:\/\/secure.gravatar.com\/avatar\/e1f5447c1cc548878fa53fbe66fc52d9?s=96&d=mm&r=g","caption":"Davide Ferrante"},"url":"https:\/\/www.timevision.it\/news\/author\/ferrante\/"}]}},"_links":{"self":[{"href":"https:\/\/www.timevision.it\/news\/wp-json\/wp\/v2\/posts\/44276"}],"collection":[{"href":"https:\/\/www.timevision.it\/news\/wp-json\/wp\/v2\/posts"}],"about":[{"href":"https:\/\/www.timevision.it\/news\/wp-json\/wp\/v2\/types\/post"}],"author":[{"embeddable":true,"href":"https:\/\/www.timevision.it\/news\/wp-json\/wp\/v2\/users\/23"}],"replies":[{"embeddable":true,"href":"https:\/\/www.timevision.it\/news\/wp-json\/wp\/v2\/comments?post=44276"}],"version-history":[{"count":2,"href":"https:\/\/www.timevision.it\/news\/wp-json\/wp\/v2\/posts\/44276\/revisions"}],"predecessor-version":[{"id":44278,"href":"https:\/\/www.timevision.it\/news\/wp-json\/wp\/v2\/posts\/44276\/revisions\/44278"}],"wp:featuredmedia":[{"embeddable":true,"href":"https:\/\/www.timevision.it\/news\/wp-json\/wp\/v2\/media\/44048"}],"wp:attachment":[{"href":"https:\/\/www.timevision.it\/news\/wp-json\/wp\/v2\/media?parent=44276"}],"wp:term":[{"taxonomy":"category","embeddable":true,"href":"https:\/\/www.timevision.it\/news\/wp-json\/wp\/v2\/categories?post=44276"},{"taxonomy":"post_tag","embeddable":true,"href":"https:\/\/www.timevision.it\/news\/wp-json\/wp\/v2\/tags?post=44276"}],"curies":[{"name":"wp","href":"https:\/\/api.w.org\/{rel}","templated":true}]}}