{"id":48442,"date":"2025-04-24T16:53:34","date_gmt":"2025-04-24T14:53:34","guid":{"rendered":"https:\/\/www.timevision.it\/news\/?p=48442"},"modified":"2025-04-24T16:53:35","modified_gmt":"2025-04-24T14:53:35","slug":"ecco-il-nuovo-accordo-nazionale-formazione-in-materia-di-salute-e-sicurezza-sul-lavoro","status":"publish","type":"post","link":"https:\/\/www.timevision.it\/news\/aziende\/formazione-dipendenti\/sicurezza-sul-lavoro\/ecco-il-nuovo-accordo-nazionale-formazione-in-materia-di-salute-e-sicurezza-sul-lavoro\/","title":{"rendered":"Ecco il nuovo Accordo Nazionale Formazione in materia di Salute e Sicurezza sul lavoro"},"content":{"rendered":"\n<p>La <strong>Conferenza Stato-Regioni<\/strong> ha approvato il nuovo <strong>Accordo Nazionale sulla Formazione in materia di Salute e Sicurezza sul lavoro<\/strong>. Intesa, siglata tra il Governo, le Regioni e le Province autonome di Trento e Bolzano.<\/p>\n\n\n\n<h2 class=\"wp-block-heading\">Nuovo accordo approvato dalla Conferenza Stato-Regioni<\/h2>\n\n\n\n<p>La Conferenza Stato-Regioni ha approvato il nuovo <strong>Accordo Nazionale sulla Formazione in materia di Salute e Sicurezza sul lavoro<\/strong>. Si attende solo la comunicazione sulla Gazzetta Ufficiale. L\u2019obiettivo principale \u00e8 stabilire regole chiare e precise riguardo a diversi aspetti cruciali:<\/p>\n\n\n\n<ul class=\"wp-block-list\">\n<li><strong>Durata, contenuti minimi e modalit\u00e0 di erogazione<\/strong> dei corsi obbligatori che rientrano tra le responsabilit\u00e0 dei datori di lavoro.<\/li>\n\n\n\n<li><strong>Modalit\u00e0 per le verifiche finali rivolte ai partecipanti,<\/strong> valide sia per la formazione iniziale che per l\u2019aggiornamento.<\/li>\n\n\n\n<li><strong>Monitoraggio e controllo delle attivit\u00e0 formative<\/strong> e della corretta applicazione delle norme, con un\u2019attenzione particolare agli enti formatori e ai destinatari della formazione.<\/li>\n<\/ul>\n\n\n\n<p>Il nuovo accordo introduce definizioni pi\u00f9 precise riguardo alle ore obbligatorie di formazione e ai corsi di aggiornamento destinati a figure chiave come datori di lavoro, dirigenti e preposti. Inoltre, istituisce nuovi obblighi formativi per l\u2019utilizzo di attrezzature specifiche e definisce percorsi formativi mirati per chi opera in ambienti confinati o potenzialmente inquinati.<\/p>\n\n\n\n<h2 class=\"wp-block-heading\">I soggetti autorizzati a svolgere l&#8217;attivit\u00e0 formativa<\/h2>\n\n\n\n<p>Il testo fornisce una classificazione chiara dei <strong>soggetti autorizzati<\/strong> a svolgere l\u2019attivit\u00e0 formativa. Per quanto riguarda la formazione per i datori di lavoro, il nuovo accordo prevede un <strong>corso obbligatorio<\/strong> di 16 ore suddiviso in moduli giuridici e organizzativi. Per i titolari di imprese edili che operano nei cantieri \u00e8 previsto un modulo aggiuntivo di 6 ore, con aggiornamenti obbligatori ogni 5 anni di almeno 6 ore, fruibili anche online.<\/p>\n\n\n\n<p>Nel caso in cui il datore di lavoro di un\u2019impresa edile svolga anche il ruolo di Responsabile del Servizio di Prevenzione e Protezione (RSPP), al corso base di 16+8 ore si aggiungono ulteriori moduli, inclusi un modulo comune di 8 ore con un\u2019esercitazione per la stesura del DVR e moduli tecnici specifici per settore ATECO.<\/p>\n\n\n\n<h2 class=\"wp-block-heading\">Le varie figure chiamate in causa<\/h2>\n\n\n\n<p>La figura del <strong>preposto alla sicurezza<\/strong> \u00e8 anch\u2019essa oggetto di specifiche disposizioni. Oltre alla formazione prevista per i lavoratori, il preposto deve completare un ulteriore modulo di 12 ore suddiviso in quattro aree tematiche, con un aggiornamento biennale di almeno 6 ore, necessario anche in caso di evoluzione dei rischi o insorgenza di nuovi rischi.<\/p>\n\n\n\n<p>Anche per i <strong>dirigenti delle imprese<\/strong> edili \u00e8 previsto un corso di 12 ore e un modulo aggiuntivo \u201ccantieri\u201d di 6 ore, con un aggiornamento di almeno sei ore ogni 5 anni. A differenza dei preposti, per i dirigenti la formazione pu\u00f2 avvenire anche in modalit\u00e0 e-learning.<\/p>\n\n\n\n<p>Per quanto concerne i <strong>Responsabili e gli Addetti al Servizio di Prevenzione e Protezione<\/strong> (RSPP e ASPP), la formazione \u00e8 strutturata su due moduli obbligatori (A di 28 ore e B di 48 ore) e un terzo modulo (C) di 24 ore per il solo responsabile. L\u2019aggiornamento \u00e8 quinquennale, con una durata di 40 ore per i responsabili e 20 ore per gli addetti, per assicurare la continuit\u00e0 delle competenze in sicurezza.<\/p>\n\n\n\n<p>I <strong>Coordinatori per la sicurezza<\/strong> in fase di progettazione e di esecuzione dovranno completare un corso intensivo di 120 ore. L\u2019aggiornamento quinquennale prevede un corso di 40 ore. Per l\u2019aggiornamento dei coordinatori \u00e8 consentita la modalit\u00e0 e-learning, mentre per la formazione iniziale \u00e8 ammessa solo per il modulo giuridico.<\/p>\n\n\n\n<h2 class=\"wp-block-heading\">La sicurezza degli ambienti confinati<\/h2>\n\n\n\n<p>Una novit\u00e0 importante riguarda la <strong>sicurezza negli ambienti confinati<\/strong>, per i quali viene introdotta una formazione specifica di 12 ore (con 8 ore pratiche obbligatorie) per lavoratori, datori di lavoro e autonomi. L\u2019aggiornamento quinquennale ha una durata minima di 4 ore relative alla parte pratica, con l\u2019obbligo di completare il corso entro 12 mesi dall\u2019entrata in vigore dell\u2019accordo e con l\u2019esclusione della modalit\u00e0 in videoconferenza o e-learning.<\/p>\n\n\n\n<p>L\u2019accordo prevede <strong>quattro modalit\u00e0 di erogazione della formazione<\/strong>: in presenza, in videoconferenza sincrona, in e-learning e in modalit\u00e0 mista. Sono inoltre definite precise indicazioni organizzative riguardanti il numero massimo di partecipanti, il rapporto docente\/discente, l\u2019obbligo del registro di presenza, la frequenza minima (90%) e la predisposizione del verbale delle verifiche finali e del progetto formativo.<\/p>\n\n\n\n<h2 class=\"wp-block-heading\">Scegli Time Vision per la tua consulenza in materia di sicurezza sul lavoro<\/h2>\n\n\n\n<p>Le normative in materia di sicurezza sul lavoro sono complesse e in costante aggiornamento. Affidarsi a una consulenza di <a href=\"https:\/\/www.timevision.it\/sicurezza-sul-lavoro-aziende\/\">Time Vision<\/a> garantisce un\u2019interpretazione corretta delle leggi e l\u2019applicazione delle misure necessarie per essere pienamente conformi. <\/p>\n","protected":false},"excerpt":{"rendered":"<p>La Conferenza Stato-Regioni ha approvato il nuovo Accordo Nazionale sulla Formazione in materia di Salute e Sicurezza sul lavoro. Intesa, siglata tra il Governo, le Regioni e le Province autonome di Trento e Bolzano. Nuovo accordo approvato dalla Conferenza Stato-Regioni La Conferenza Stato-Regioni ha approvato il nuovo Accordo Nazionale sulla Formazione in materia di Salute&#8230;<\/p>\n","protected":false},"author":23,"featured_media":35898,"comment_status":"closed","ping_status":"closed","sticky":false,"template":"","format":"standard","meta":{"_acf_changed":false,"content-type":"","inline_featured_image":false,"_themeisle_gutenberg_block_has_review":false,"footnotes":""},"categories":[465,5,474],"tags":[191,2000],"class_list":["post-48442","post","type-post","status-publish","format-standard","has-post-thumbnail","hentry","category-aziende","category-formazione-dipendenti","category-sicurezza-sul-lavoro","tag-lavoro","tag-sicurezza-lavoro"],"acf":[],"yoast_head":"<!-- This site is optimized with the Yoast SEO Premium plugin v19.5 (Yoast SEO v25.6) - https:\/\/yoast.com\/wordpress\/plugins\/seo\/ -->\n<title>Ecco il nuovo Accordo Nazionale Formazione in materia di Salute e Sicurezza sul lavoro - News Formazione<\/title>\n<meta name=\"description\" content=\"La Conferenza Stato-Regioni ha approvato il nuovo Accordo nazionale sulla formazione in materia di salute e sicurezza sul lavoro.\" \/>\n<meta name=\"robots\" content=\"index, follow, max-snippet:-1, max-image-preview:large, max-video-preview:-1\" \/>\n<link rel=\"canonical\" href=\"https:\/\/www.timevision.it\/news\/aziende\/formazione-dipendenti\/sicurezza-sul-lavoro\/ecco-il-nuovo-accordo-nazionale-formazione-in-materia-di-salute-e-sicurezza-sul-lavoro\/\" \/>\n<meta property=\"og:locale\" content=\"it_IT\" \/>\n<meta property=\"og:type\" content=\"article\" \/>\n<meta property=\"og:title\" content=\"Ecco il nuovo Accordo Nazionale Formazione in materia di Salute e Sicurezza sul lavoro\" \/>\n<meta property=\"og:description\" content=\"La Conferenza Stato-Regioni ha approvato il nuovo Accordo nazionale sulla formazione in materia di salute e sicurezza sul lavoro.\" \/>\n<meta property=\"og:url\" content=\"https:\/\/www.timevision.it\/news\/aziende\/formazione-dipendenti\/sicurezza-sul-lavoro\/ecco-il-nuovo-accordo-nazionale-formazione-in-materia-di-salute-e-sicurezza-sul-lavoro\/\" \/>\n<meta property=\"og:site_name\" content=\"News Formazione\" \/>\n<meta property=\"article:publisher\" content=\"https:\/\/www.facebook.com\/timevision\" \/>\n<meta property=\"article:published_time\" content=\"2025-04-24T14:53:34+00:00\" \/>\n<meta property=\"article:modified_time\" content=\"2025-04-24T14:53:35+00:00\" \/>\n<meta property=\"og:image\" content=\"https:\/\/www.timevision.it\/news\/wp-content\/uploads\/2022\/03\/formazione_sicurezza_sul_lavoro_l_avviso_della_regione_lazio.jpg\" \/>\n\t<meta property=\"og:image:width\" content=\"1600\" \/>\n\t<meta property=\"og:image:height\" content=\"900\" \/>\n\t<meta property=\"og:image:type\" content=\"image\/jpeg\" \/>\n<meta name=\"author\" content=\"Davide Ferrante\" \/>\n<meta name=\"twitter:card\" content=\"summary_large_image\" \/>\n<meta name=\"twitter:creator\" content=\"@time_vision\" \/>\n<meta name=\"twitter:site\" content=\"@time_vision\" \/>\n<meta name=\"twitter:label1\" content=\"Scritto da\" \/>\n\t<meta name=\"twitter:data1\" content=\"Davide Ferrante\" \/>\n\t<meta name=\"twitter:label2\" content=\"Tempo di lettura stimato\" \/>\n\t<meta name=\"twitter:data2\" content=\"5 minuti\" \/>\n<!-- \/ Yoast SEO Premium plugin. -->","yoast_head_json":{"title":"Ecco il nuovo Accordo Nazionale Formazione in materia di Salute e Sicurezza sul lavoro - News Formazione","description":"La Conferenza Stato-Regioni ha approvato il nuovo Accordo nazionale sulla formazione in materia di salute e sicurezza sul lavoro.","robots":{"index":"index","follow":"follow","max-snippet":"max-snippet:-1","max-image-preview":"max-image-preview:large","max-video-preview":"max-video-preview:-1"},"canonical":"https:\/\/www.timevision.it\/news\/aziende\/formazione-dipendenti\/sicurezza-sul-lavoro\/ecco-il-nuovo-accordo-nazionale-formazione-in-materia-di-salute-e-sicurezza-sul-lavoro\/","og_locale":"it_IT","og_type":"article","og_title":"Ecco il nuovo Accordo Nazionale Formazione in materia di Salute e Sicurezza sul lavoro","og_description":"La Conferenza Stato-Regioni ha approvato il nuovo Accordo nazionale sulla formazione in materia di salute e sicurezza sul lavoro.","og_url":"https:\/\/www.timevision.it\/news\/aziende\/formazione-dipendenti\/sicurezza-sul-lavoro\/ecco-il-nuovo-accordo-nazionale-formazione-in-materia-di-salute-e-sicurezza-sul-lavoro\/","og_site_name":"News Formazione","article_publisher":"https:\/\/www.facebook.com\/timevision","article_published_time":"2025-04-24T14:53:34+00:00","article_modified_time":"2025-04-24T14:53:35+00:00","og_image":[{"width":1600,"height":900,"url":"https:\/\/www.timevision.it\/news\/wp-content\/uploads\/2022\/03\/formazione_sicurezza_sul_lavoro_l_avviso_della_regione_lazio.jpg","type":"image\/jpeg"}],"author":"Davide Ferrante","twitter_card":"summary_large_image","twitter_creator":"@time_vision","twitter_site":"@time_vision","twitter_misc":{"Scritto da":"Davide Ferrante","Tempo di lettura stimato":"5 minuti"},"schema":{"@context":"https:\/\/schema.org","@graph":[{"@type":"Article","@id":"https:\/\/www.timevision.it\/news\/aziende\/formazione-dipendenti\/sicurezza-sul-lavoro\/ecco-il-nuovo-accordo-nazionale-formazione-in-materia-di-salute-e-sicurezza-sul-lavoro\/#article","isPartOf":{"@id":"https:\/\/www.timevision.it\/news\/aziende\/formazione-dipendenti\/sicurezza-sul-lavoro\/ecco-il-nuovo-accordo-nazionale-formazione-in-materia-di-salute-e-sicurezza-sul-lavoro\/"},"author":{"name":"Davide Ferrante","@id":"https:\/\/www.timevision.it\/news\/#\/schema\/person\/bca81f515796a2febfc11921eab93852"},"headline":"Ecco il nuovo Accordo Nazionale Formazione in materia di Salute e Sicurezza sul lavoro","datePublished":"2025-04-24T14:53:34+00:00","dateModified":"2025-04-24T14:53:35+00:00","mainEntityOfPage":{"@id":"https:\/\/www.timevision.it\/news\/aziende\/formazione-dipendenti\/sicurezza-sul-lavoro\/ecco-il-nuovo-accordo-nazionale-formazione-in-materia-di-salute-e-sicurezza-sul-lavoro\/"},"wordCount":733,"publisher":{"@id":"https:\/\/www.timevision.it\/news\/#organization"},"image":{"@id":"https:\/\/www.timevision.it\/news\/aziende\/formazione-dipendenti\/sicurezza-sul-lavoro\/ecco-il-nuovo-accordo-nazionale-formazione-in-materia-di-salute-e-sicurezza-sul-lavoro\/#primaryimage"},"thumbnailUrl":"https:\/\/www.timevision.it\/news\/wp-content\/uploads\/2022\/03\/formazione_sicurezza_sul_lavoro_l_avviso_della_regione_lazio.jpg","keywords":["lavoro","sicurezza lavoro"],"articleSection":["Aziende","Formazione dipendenti","Sicurezza sul lavoro"],"inLanguage":"it-IT","copyrightYear":"2025","copyrightHolder":{"@id":"https:\/\/www.timevision.it\/news\/#organization"}},{"@type":"WebPage","@id":"https:\/\/www.timevision.it\/news\/aziende\/formazione-dipendenti\/sicurezza-sul-lavoro\/ecco-il-nuovo-accordo-nazionale-formazione-in-materia-di-salute-e-sicurezza-sul-lavoro\/","url":"https:\/\/www.timevision.it\/news\/aziende\/formazione-dipendenti\/sicurezza-sul-lavoro\/ecco-il-nuovo-accordo-nazionale-formazione-in-materia-di-salute-e-sicurezza-sul-lavoro\/","name":"Ecco il nuovo Accordo Nazionale Formazione in materia di Salute e Sicurezza sul lavoro - News Formazione","isPartOf":{"@id":"https:\/\/www.timevision.it\/news\/#website"},"primaryImageOfPage":{"@id":"https:\/\/www.timevision.it\/news\/aziende\/formazione-dipendenti\/sicurezza-sul-lavoro\/ecco-il-nuovo-accordo-nazionale-formazione-in-materia-di-salute-e-sicurezza-sul-lavoro\/#primaryimage"},"image":{"@id":"https:\/\/www.timevision.it\/news\/aziende\/formazione-dipendenti\/sicurezza-sul-lavoro\/ecco-il-nuovo-accordo-nazionale-formazione-in-materia-di-salute-e-sicurezza-sul-lavoro\/#primaryimage"},"thumbnailUrl":"https:\/\/www.timevision.it\/news\/wp-content\/uploads\/2022\/03\/formazione_sicurezza_sul_lavoro_l_avviso_della_regione_lazio.jpg","datePublished":"2025-04-24T14:53:34+00:00","dateModified":"2025-04-24T14:53:35+00:00","description":"La Conferenza Stato-Regioni ha approvato il nuovo Accordo nazionale sulla formazione in materia di salute e sicurezza sul lavoro.","breadcrumb":{"@id":"https:\/\/www.timevision.it\/news\/aziende\/formazione-dipendenti\/sicurezza-sul-lavoro\/ecco-il-nuovo-accordo-nazionale-formazione-in-materia-di-salute-e-sicurezza-sul-lavoro\/#breadcrumb"},"inLanguage":"it-IT","potentialAction":[{"@type":"ReadAction","target":["https:\/\/www.timevision.it\/news\/aziende\/formazione-dipendenti\/sicurezza-sul-lavoro\/ecco-il-nuovo-accordo-nazionale-formazione-in-materia-di-salute-e-sicurezza-sul-lavoro\/"]}]},{"@type":"ImageObject","inLanguage":"it-IT","@id":"https:\/\/www.timevision.it\/news\/aziende\/formazione-dipendenti\/sicurezza-sul-lavoro\/ecco-il-nuovo-accordo-nazionale-formazione-in-materia-di-salute-e-sicurezza-sul-lavoro\/#primaryimage","url":"https:\/\/www.timevision.it\/news\/wp-content\/uploads\/2022\/03\/formazione_sicurezza_sul_lavoro_l_avviso_della_regione_lazio.jpg","contentUrl":"https:\/\/www.timevision.it\/news\/wp-content\/uploads\/2022\/03\/formazione_sicurezza_sul_lavoro_l_avviso_della_regione_lazio.jpg","width":1600,"height":900,"caption":"formazione sicurezza sul lavoro"},{"@type":"BreadcrumbList","@id":"https:\/\/www.timevision.it\/news\/aziende\/formazione-dipendenti\/sicurezza-sul-lavoro\/ecco-il-nuovo-accordo-nazionale-formazione-in-materia-di-salute-e-sicurezza-sul-lavoro\/#breadcrumb","itemListElement":[{"@type":"ListItem","position":1,"name":"Home","item":"https:\/\/www.timevision.it\/news\/"},{"@type":"ListItem","position":2,"name":"Ecco il nuovo Accordo Nazionale Formazione in materia di Salute e Sicurezza sul lavoro"}]},{"@type":"WebSite","@id":"https:\/\/www.timevision.it\/news\/#website","url":"https:\/\/www.timevision.it\/news\/","name":"Timevision","description":"Offrire alle imprese soluzioni ad hoc in materia del lavoro","publisher":{"@id":"https:\/\/www.timevision.it\/news\/#organization"},"potentialAction":[{"@type":"SearchAction","target":{"@type":"EntryPoint","urlTemplate":"https:\/\/www.timevision.it\/news\/?s={search_term_string}"},"query-input":{"@type":"PropertyValueSpecification","valueRequired":true,"valueName":"search_term_string"}}],"inLanguage":"it-IT"},{"@type":"Organization","@id":"https:\/\/www.timevision.it\/news\/#organization","name":"Timevision scarl","url":"https:\/\/www.timevision.it\/news\/","logo":{"@type":"ImageObject","inLanguage":"it-IT","@id":"https:\/\/www.timevision.it\/news\/#\/schema\/logo\/image\/","url":"https:\/\/www.timevision.it\/news\/wp-content\/uploads\/2020\/11\/logo-timevision-news.png","contentUrl":"https:\/\/www.timevision.it\/news\/wp-content\/uploads\/2020\/11\/logo-timevision-news.png","width":183,"height":32,"caption":"Timevision scarl"},"image":{"@id":"https:\/\/www.timevision.it\/news\/#\/schema\/logo\/image\/"},"sameAs":["https:\/\/www.facebook.com\/timevision","https:\/\/x.com\/time_vision","https:\/\/www.instagram.com\/_timevision_\/","https:\/\/www.linkedin.com\/company\/time-vision","https:\/\/www.youtube.com\/channel\/UC9s4MGbUHcN_HNbhqEiwfLg?view_as=subscriber"]},{"@type":"Person","@id":"https:\/\/www.timevision.it\/news\/#\/schema\/person\/bca81f515796a2febfc11921eab93852","name":"Davide Ferrante","image":{"@type":"ImageObject","inLanguage":"it-IT","@id":"https:\/\/www.timevision.it\/news\/#\/schema\/person\/image\/","url":"https:\/\/secure.gravatar.com\/avatar\/e1f5447c1cc548878fa53fbe66fc52d9?s=96&d=mm&r=g","contentUrl":"https:\/\/secure.gravatar.com\/avatar\/e1f5447c1cc548878fa53fbe66fc52d9?s=96&d=mm&r=g","caption":"Davide Ferrante"},"url":"https:\/\/www.timevision.it\/news\/author\/ferrante\/"}]}},"_links":{"self":[{"href":"https:\/\/www.timevision.it\/news\/wp-json\/wp\/v2\/posts\/48442"}],"collection":[{"href":"https:\/\/www.timevision.it\/news\/wp-json\/wp\/v2\/posts"}],"about":[{"href":"https:\/\/www.timevision.it\/news\/wp-json\/wp\/v2\/types\/post"}],"author":[{"embeddable":true,"href":"https:\/\/www.timevision.it\/news\/wp-json\/wp\/v2\/users\/23"}],"replies":[{"embeddable":true,"href":"https:\/\/www.timevision.it\/news\/wp-json\/wp\/v2\/comments?post=48442"}],"version-history":[{"count":2,"href":"https:\/\/www.timevision.it\/news\/wp-json\/wp\/v2\/posts\/48442\/revisions"}],"predecessor-version":[{"id":48444,"href":"https:\/\/www.timevision.it\/news\/wp-json\/wp\/v2\/posts\/48442\/revisions\/48444"}],"wp:featuredmedia":[{"embeddable":true,"href":"https:\/\/www.timevision.it\/news\/wp-json\/wp\/v2\/media\/35898"}],"wp:attachment":[{"href":"https:\/\/www.timevision.it\/news\/wp-json\/wp\/v2\/media?parent=48442"}],"wp:term":[{"taxonomy":"category","embeddable":true,"href":"https:\/\/www.timevision.it\/news\/wp-json\/wp\/v2\/categories?post=48442"},{"taxonomy":"post_tag","embeddable":true,"href":"https:\/\/www.timevision.it\/news\/wp-json\/wp\/v2\/tags?post=48442"}],"curies":[{"name":"wp","href":"https:\/\/api.w.org\/{rel}","templated":true}]}}