{"id":50362,"date":"2026-08-24T16:00:00","date_gmt":"2026-08-24T14:00:00","guid":{"rendered":"https:\/\/www.timevision.it\/news\/?p=50362"},"modified":"2026-08-07T11:46:05","modified_gmt":"2026-08-07T09:46:05","slug":"voucher-formazione-continua-lombardia-2026-la-quarta-edizione-e-aperta-dal-13-luglio","status":"publish","type":"post","link":"https:\/\/www.timevision.it\/news\/aziende\/formazione-dipendenti\/voucher-formazione-continua-lombardia-2026-la-quarta-edizione-e-aperta-dal-13-luglio\/","title":{"rendered":"Voucher formazione continua Lombardia 2026: la quarta edizione \u00e8 aperta dal 13 luglio"},"content":{"rendered":"\n<p>La quarta edizione dei voucher formazione continua di Regione Lombardia \u00e8 aperta dal 13 luglio 2026 con una dotazione di<strong> 10 milioni di euro (PR FSE+ 2021-2027)<\/strong>. Ogni lavoratore pu\u00f2 fruire di voucher fino a 2.000 euro annui scelti dal Catalogo regionale; il tetto per azienda \u00e8 50.000 euro annui. Il cofinanziamento aziendale \u00e8 modulato: <strong>10% per imprese fino a 9 addetti, 30% da 10 a 50 addetti, 50% oltre 50 addetti.<\/strong> Scadenza: 31 marzo 2027 salvo esaurimento anticipato.<\/p>\n\n\n\n<p>Dal 1\u00b0 agosto Regione Lombardia ha avviato le attivit\u00e0 istruttorie sulle domande gi\u00e0 presentate: chi ha fatto domanda subito \u00e8 gi\u00e0 in coda per la valutazione, chi non l&#8217;ha ancora presentata parte in ritardo su un fondo a sportello da 10 milioni. La procedura \u00e8 cronologica \u2014 non c&#8217;\u00e8 una graduatoria che livella i tempi. <br><em>Aggiornato ad agosto 2026.<\/em><br><\/p>\n\n\n\n<div class=\"wp-block-buttons is-content-justification-center is-layout-flex wp-container-core-buttons-is-layout-1 wp-block-buttons-is-layout-flex\">\n<div class=\"wp-block-button\"><a class=\"wp-block-button__link has-primary-background-color has-background wp-element-button\" href=\"https:\/\/www.timevision.it\/aziende\/voucher-formazione-continua-regione-lombardia\/\" target=\"_blank\" rel=\"noreferrer noopener\"><strong>MAGGIORI INFO QUI<\/strong><\/a><\/div>\n<\/div>\n\n\n\n\n\n<h2 class=\"wp-block-heading\">Voucher formazione continua Lombardia 2026 quarta edizione: cosa ottiene concretamente la tua azienda<\/h2>\n\n\n\n<p>Per una PMI fino a 9 addetti, il voucher copre il 90% del costo del corso: l&#8217;azienda anticipa il 10% e ottiene il resto da Regione Lombardia. Il Catalogo \u00e8 stato rinnovato e ora copre cinque aree tematiche: <strong>digitale, green, linguistica, tecnico-specialistica e soft skills <\/strong>\u2014 temi collegabili direttamente ai piani di sviluppo che molte PMI lombarde hanno gi\u00e0 in corso. Chi non usa questi voucher sta finanziando la formazione dei propri dipendenti con risorse proprie invece di accedere a fondi gi\u00e0 disponibili.<\/p>\n\n\n\n<h3 class=\"wp-block-heading\">Chi ne sta gi\u00e0 beneficiando<\/h3>\n\n\n\n<p>Il <strong>profilo aziendale che trae pi\u00f9 vantaggio \u00e8 la PMI con meno di 10 dipendenti:<\/strong> contribuisce solo il 10% del costo del corso e accede al catalogo senza dover costruire un piano formativo complesso. \u00c8 lo strumento pi\u00f9 accessibile della formazione finanziata lombarda \u2014 nessuna progettazione da fare, nessun piano da approvare: si scelgono i corsi dal catalogo e si presenta domanda.<\/p>\n\n\n\n<h3 class=\"wp-block-heading\">Il ruolo di Time Vision<\/h3>\n\n\n\n<p>Time Vision \u00e8 accreditata in Lombardia e vanta oltre 20 anni di esperienza nella consulenza alle aziende su formazione finanziata e voucher regionali. <strong><a href=\"https:\/\/www.timevision.it\/aziende\/voucher-formazione-continua-regione-lombardia\/\" target=\"_blank\" rel=\"noreferrer noopener\">Richiedi una consulenza dedicata Time Vision.<\/a><\/strong><\/p>\n\n\n\n<div id=\"wp-block-themeisle-blocks-accordion-49062cf3\" class=\"wp-block-themeisle-blocks-accordion exclusive\">\n<details class=\"wp-block-themeisle-blocks-accordion-item\"><summary class=\"wp-block-themeisle-blocks-accordion-item__title\"><div><strong>I voucher formazione continua Lombardia 2026 sono cumulabili con i fondi interprofessionali?<\/strong><\/div><\/summary><div class=\"wp-block-themeisle-blocks-accordion-item__content\">\n<p>La verifica della cumulabilit\u00e0 dipende dallo strumento specifico: in alcuni casi \u00e8 possibile utilizzare entrambi su percorsi diversi per lo stesso dipendente. Time Vision mappa la combinazione pi\u00f9 conveniente caso per caso.<\/p>\n<\/div><\/details>\n\n\n\n<details class=\"wp-block-themeisle-blocks-accordion-item\"><summary class=\"wp-block-themeisle-blocks-accordion-item__title\"><div><strong>Quali aree tematiche copre il nuovo Catalogo regionale della quarta edizione?<\/strong><\/div><\/summary><div class=\"wp-block-themeisle-blocks-accordion-item__content\">\n<p>Il Catalogo \u00e8 organizzato in cinque aree: digitale, green, linguistica, tecnico-specialistica e soft skills. I corsi fruibili sono selezionabili dal portale formazione.servizirl.it.<br><\/p>\n<\/div><\/details>\n\n\n\n<details class=\"wp-block-themeisle-blocks-accordion-item\"><summary class=\"wp-block-themeisle-blocks-accordion-item__title\"><div><strong>Come si sceglie il corso da finanziare con il voucher?<\/strong><\/div><\/summary><div class=\"wp-block-themeisle-blocks-accordion-item__content\">\n<p>Dal catalogo regionale degli enti accreditati. In alternativa \u00e8 possibile definire il percorso direttamente con un ente accreditato come Time Vision.<\/p>\n<\/div><\/details>\n<\/div>\n\n\n\n<p><\/p>\n","protected":false},"excerpt":{"rendered":"<p>La quarta edizione dei voucher formazione continua di Regione Lombardia \u00e8 aperta dal 13 luglio 2026 con una dotazione di 10 milioni di euro (PR FSE+ 2021-2027). Ogni lavoratore pu\u00f2 fruire di voucher fino a 2.000 euro annui scelti dal Catalogo regionale; il tetto per azienda \u00e8 50.000 euro annui. Il cofinanziamento aziendale \u00e8 modulato:&#8230;<\/p>\n","protected":false},"author":11,"featured_media":50363,"comment_status":"closed","ping_status":"closed","sticky":false,"template":"","format":"standard","meta":{"_acf_changed":false,"content-type":"","inline_featured_image":false,"_themeisle_gutenberg_block_has_review":false,"footnotes":""},"categories":[5],"tags":[597,2133],"class_list":["post-50362","post","type-post","status-publish","format-standard","has-post-thumbnail","hentry","category-formazione-dipendenti","tag-formazione-finanziata","tag-voucher-formazione-continua-lombardia"],"acf":[],"yoast_head":"<!-- This site is optimized with the Yoast SEO Premium plugin v19.5 (Yoast SEO v25.6) - https:\/\/yoast.com\/wordpress\/plugins\/seo\/ -->\n<title>Voucher formazione continua Lombardia 2026 | Time Vision<\/title>\n<meta name=\"description\" content=\"Voucher formazione Lombardia 2026: fino a 2.000\u20ac\/dipendente, 17 milioni FSE+, scadenza 30 dic. Sportello cronologico. Consulenza Time Vision.\" \/>\n<meta name=\"robots\" content=\"index, follow, max-snippet:-1, max-image-preview:large, max-video-preview:-1\" \/>\n<link rel=\"canonical\" href=\"https:\/\/www.timevision.it\/news\/aziende\/formazione-dipendenti\/voucher-formazione-continua-lombardia-2026-la-quarta-edizione-e-aperta-dal-13-luglio\/\" \/>\n<meta property=\"og:locale\" content=\"it_IT\" \/>\n<meta property=\"og:type\" content=\"article\" \/>\n<meta property=\"og:title\" content=\"Voucher formazione continua Lombardia 2026: la quarta edizione \u00e8 aperta dal 13 luglio\" \/>\n<meta property=\"og:description\" content=\"Voucher formazione Lombardia 2026: fino a 2.000\u20ac\/dipendente, 17 milioni FSE+, scadenza 30 dic. Sportello cronologico. Consulenza Time Vision.\" \/>\n<meta property=\"og:url\" content=\"https:\/\/www.timevision.it\/news\/aziende\/formazione-dipendenti\/voucher-formazione-continua-lombardia-2026-la-quarta-edizione-e-aperta-dal-13-luglio\/\" \/>\n<meta property=\"og:site_name\" content=\"News Formazione\" \/>\n<meta property=\"article:publisher\" content=\"https:\/\/www.facebook.com\/timevision\" \/>\n<meta property=\"article:author\" content=\"https:\/\/www.facebook.com\/diletta.turco\" \/>\n<meta property=\"article:published_time\" content=\"2026-08-24T14:00:00+00:00\" \/>\n<meta property=\"og:image\" content=\"https:\/\/www.timevision.it\/news\/wp-content\/uploads\/2026\/07\/voucher-formazione-continua-lombardia-2026-aziende-pmi.png\" \/>\n\t<meta property=\"og:image:width\" content=\"1600\" \/>\n\t<meta property=\"og:image:height\" content=\"900\" \/>\n\t<meta property=\"og:image:type\" content=\"image\/png\" \/>\n<meta name=\"author\" content=\"Diletta Turco\" \/>\n<meta name=\"twitter:card\" content=\"summary_large_image\" \/>\n<meta name=\"twitter:creator\" content=\"@DilettaTurco\" \/>\n<meta name=\"twitter:site\" content=\"@time_vision\" \/>\n<meta name=\"twitter:label1\" content=\"Scritto da\" \/>\n\t<meta name=\"twitter:data1\" content=\"Diletta Turco\" \/>\n\t<meta name=\"twitter:label2\" content=\"Tempo di lettura stimato\" \/>\n\t<meta name=\"twitter:data2\" content=\"3 minuti\" \/>\n<!-- \/ Yoast SEO Premium plugin. -->","yoast_head_json":{"title":"Voucher formazione continua Lombardia 2026 | Time Vision","description":"Voucher formazione Lombardia 2026: fino a 2.000\u20ac\/dipendente, 17 milioni FSE+, scadenza 30 dic. Sportello cronologico. Consulenza Time Vision.","robots":{"index":"index","follow":"follow","max-snippet":"max-snippet:-1","max-image-preview":"max-image-preview:large","max-video-preview":"max-video-preview:-1"},"canonical":"https:\/\/www.timevision.it\/news\/aziende\/formazione-dipendenti\/voucher-formazione-continua-lombardia-2026-la-quarta-edizione-e-aperta-dal-13-luglio\/","og_locale":"it_IT","og_type":"article","og_title":"Voucher formazione continua Lombardia 2026: la quarta edizione \u00e8 aperta dal 13 luglio","og_description":"Voucher formazione Lombardia 2026: fino a 2.000\u20ac\/dipendente, 17 milioni FSE+, scadenza 30 dic. Sportello cronologico. Consulenza Time Vision.","og_url":"https:\/\/www.timevision.it\/news\/aziende\/formazione-dipendenti\/voucher-formazione-continua-lombardia-2026-la-quarta-edizione-e-aperta-dal-13-luglio\/","og_site_name":"News Formazione","article_publisher":"https:\/\/www.facebook.com\/timevision","article_author":"https:\/\/www.facebook.com\/diletta.turco","article_published_time":"2026-08-24T14:00:00+00:00","og_image":[{"width":1600,"height":900,"url":"https:\/\/www.timevision.it\/news\/wp-content\/uploads\/2026\/07\/voucher-formazione-continua-lombardia-2026-aziende-pmi.png","type":"image\/png"}],"author":"Diletta Turco","twitter_card":"summary_large_image","twitter_creator":"@DilettaTurco","twitter_site":"@time_vision","twitter_misc":{"Scritto da":"Diletta Turco","Tempo di lettura stimato":"3 minuti"},"schema":{"@context":"https:\/\/schema.org","@graph":[{"@type":"Article","@id":"https:\/\/www.timevision.it\/news\/aziende\/formazione-dipendenti\/voucher-formazione-continua-lombardia-2026-la-quarta-edizione-e-aperta-dal-13-luglio\/#article","isPartOf":{"@id":"https:\/\/www.timevision.it\/news\/aziende\/formazione-dipendenti\/voucher-formazione-continua-lombardia-2026-la-quarta-edizione-e-aperta-dal-13-luglio\/"},"author":{"name":"Diletta Turco","@id":"https:\/\/www.timevision.it\/news\/#\/schema\/person\/5a1041a51d0449213a1d41fc9525dce0"},"headline":"Voucher formazione continua Lombardia 2026: la quarta edizione \u00e8 aperta dal 13 luglio","datePublished":"2026-08-24T14:00:00+00:00","mainEntityOfPage":{"@id":"https:\/\/www.timevision.it\/news\/aziende\/formazione-dipendenti\/voucher-formazione-continua-lombardia-2026-la-quarta-edizione-e-aperta-dal-13-luglio\/"},"wordCount":420,"publisher":{"@id":"https:\/\/www.timevision.it\/news\/#organization"},"image":{"@id":"https:\/\/www.timevision.it\/news\/aziende\/formazione-dipendenti\/voucher-formazione-continua-lombardia-2026-la-quarta-edizione-e-aperta-dal-13-luglio\/#primaryimage"},"thumbnailUrl":"https:\/\/www.timevision.it\/news\/wp-content\/uploads\/2026\/07\/voucher-formazione-continua-lombardia-2026-aziende-pmi.png","keywords":["Formazione finanziata","voucher formazione continua lombardia"],"articleSection":["Formazione dipendenti"],"inLanguage":"it-IT","copyrightYear":"2026","copyrightHolder":{"@id":"https:\/\/www.timevision.it\/news\/#organization"}},{"@type":"WebPage","@id":"https:\/\/www.timevision.it\/news\/aziende\/formazione-dipendenti\/voucher-formazione-continua-lombardia-2026-la-quarta-edizione-e-aperta-dal-13-luglio\/","url":"https:\/\/www.timevision.it\/news\/aziende\/formazione-dipendenti\/voucher-formazione-continua-lombardia-2026-la-quarta-edizione-e-aperta-dal-13-luglio\/","name":"Voucher formazione continua Lombardia 2026 | Time Vision","isPartOf":{"@id":"https:\/\/www.timevision.it\/news\/#website"},"primaryImageOfPage":{"@id":"https:\/\/www.timevision.it\/news\/aziende\/formazione-dipendenti\/voucher-formazione-continua-lombardia-2026-la-quarta-edizione-e-aperta-dal-13-luglio\/#primaryimage"},"image":{"@id":"https:\/\/www.timevision.it\/news\/aziende\/formazione-dipendenti\/voucher-formazione-continua-lombardia-2026-la-quarta-edizione-e-aperta-dal-13-luglio\/#primaryimage"},"thumbnailUrl":"https:\/\/www.timevision.it\/news\/wp-content\/uploads\/2026\/07\/voucher-formazione-continua-lombardia-2026-aziende-pmi.png","datePublished":"2026-08-24T14:00:00+00:00","description":"Voucher formazione Lombardia 2026: fino a 2.000\u20ac\/dipendente, 17 milioni FSE+, scadenza 30 dic. Sportello cronologico. Consulenza Time Vision.","breadcrumb":{"@id":"https:\/\/www.timevision.it\/news\/aziende\/formazione-dipendenti\/voucher-formazione-continua-lombardia-2026-la-quarta-edizione-e-aperta-dal-13-luglio\/#breadcrumb"},"inLanguage":"it-IT","potentialAction":[{"@type":"ReadAction","target":["https:\/\/www.timevision.it\/news\/aziende\/formazione-dipendenti\/voucher-formazione-continua-lombardia-2026-la-quarta-edizione-e-aperta-dal-13-luglio\/"]}]},{"@type":"ImageObject","inLanguage":"it-IT","@id":"https:\/\/www.timevision.it\/news\/aziende\/formazione-dipendenti\/voucher-formazione-continua-lombardia-2026-la-quarta-edizione-e-aperta-dal-13-luglio\/#primaryimage","url":"https:\/\/www.timevision.it\/news\/wp-content\/uploads\/2026\/07\/voucher-formazione-continua-lombardia-2026-aziende-pmi.png","contentUrl":"https:\/\/www.timevision.it\/news\/wp-content\/uploads\/2026\/07\/voucher-formazione-continua-lombardia-2026-aziende-pmi.png","width":1600,"height":900,"caption":"Voucher formazione Lombardia 2026 \u2014 Time Vision"},{"@type":"BreadcrumbList","@id":"https:\/\/www.timevision.it\/news\/aziende\/formazione-dipendenti\/voucher-formazione-continua-lombardia-2026-la-quarta-edizione-e-aperta-dal-13-luglio\/#breadcrumb","itemListElement":[{"@type":"ListItem","position":1,"name":"Home","item":"https:\/\/www.timevision.it\/news\/"},{"@type":"ListItem","position":2,"name":"Voucher formazione continua Lombardia 2026: la quarta edizione \u00e8 aperta dal 13 luglio"}]},{"@type":"WebSite","@id":"https:\/\/www.timevision.it\/news\/#website","url":"https:\/\/www.timevision.it\/news\/","name":"Timevision","description":"Offrire alle imprese soluzioni ad hoc in materia del lavoro","publisher":{"@id":"https:\/\/www.timevision.it\/news\/#organization"},"potentialAction":[{"@type":"SearchAction","target":{"@type":"EntryPoint","urlTemplate":"https:\/\/www.timevision.it\/news\/?s={search_term_string}"},"query-input":{"@type":"PropertyValueSpecification","valueRequired":true,"valueName":"search_term_string"}}],"inLanguage":"it-IT"},{"@type":"Organization","@id":"https:\/\/www.timevision.it\/news\/#organization","name":"Timevision scarl","url":"https:\/\/www.timevision.it\/news\/","logo":{"@type":"ImageObject","inLanguage":"it-IT","@id":"https:\/\/www.timevision.it\/news\/#\/schema\/logo\/image\/","url":"https:\/\/www.timevision.it\/news\/wp-content\/uploads\/2020\/11\/logo-timevision-news.png","contentUrl":"https:\/\/www.timevision.it\/news\/wp-content\/uploads\/2020\/11\/logo-timevision-news.png","width":183,"height":32,"caption":"Timevision scarl"},"image":{"@id":"https:\/\/www.timevision.it\/news\/#\/schema\/logo\/image\/"},"sameAs":["https:\/\/www.facebook.com\/timevision","https:\/\/x.com\/time_vision","https:\/\/www.instagram.com\/_timevision_\/","https:\/\/www.linkedin.com\/company\/time-vision","https:\/\/www.youtube.com\/channel\/UC9s4MGbUHcN_HNbhqEiwfLg?view_as=subscriber"]},{"@type":"Person","@id":"https:\/\/www.timevision.it\/news\/#\/schema\/person\/5a1041a51d0449213a1d41fc9525dce0","name":"Diletta Turco","image":{"@type":"ImageObject","inLanguage":"it-IT","@id":"https:\/\/www.timevision.it\/news\/#\/schema\/person\/image\/","url":"https:\/\/secure.gravatar.com\/avatar\/9b24d533616d2cc913d205757462de8c?s=96&d=mm&r=g","contentUrl":"https:\/\/secure.gravatar.com\/avatar\/9b24d533616d2cc913d205757462de8c?s=96&d=mm&r=g","caption":"Diletta Turco"},"description":"Sono una giornalista con la passione per l'economia e il racconto d'impresa. Credo nella potenza della parola, soprattutto se accompagnata dai giusti obiettivi di comunicazione.","sameAs":["https:\/\/www.facebook.com\/diletta.turco","https:\/\/www.linkedin.com\/in\/diletta-turco-752016180\/","https:\/\/x.com\/DilettaTurco"],"url":"https:\/\/www.timevision.it\/news\/author\/diletta-turco\/"}]}},"_links":{"self":[{"href":"https:\/\/www.timevision.it\/news\/wp-json\/wp\/v2\/posts\/50362"}],"collection":[{"href":"https:\/\/www.timevision.it\/news\/wp-json\/wp\/v2\/posts"}],"about":[{"href":"https:\/\/www.timevision.it\/news\/wp-json\/wp\/v2\/types\/post"}],"author":[{"embeddable":true,"href":"https:\/\/www.timevision.it\/news\/wp-json\/wp\/v2\/users\/11"}],"replies":[{"embeddable":true,"href":"https:\/\/www.timevision.it\/news\/wp-json\/wp\/v2\/comments?post=50362"}],"version-history":[{"count":3,"href":"https:\/\/www.timevision.it\/news\/wp-json\/wp\/v2\/posts\/50362\/revisions"}],"predecessor-version":[{"id":50426,"href":"https:\/\/www.timevision.it\/news\/wp-json\/wp\/v2\/posts\/50362\/revisions\/50426"}],"wp:featuredmedia":[{"embeddable":true,"href":"https:\/\/www.timevision.it\/news\/wp-json\/wp\/v2\/media\/50363"}],"wp:attachment":[{"href":"https:\/\/www.timevision.it\/news\/wp-json\/wp\/v2\/media?parent=50362"}],"wp:term":[{"taxonomy":"category","embeddable":true,"href":"https:\/\/www.timevision.it\/news\/wp-json\/wp\/v2\/categories?post=50362"},{"taxonomy":"post_tag","embeddable":true,"href":"https:\/\/www.timevision.it\/news\/wp-json\/wp\/v2\/tags?post=50362"}],"curies":[{"name":"wp","href":"https:\/\/api.w.org\/{rel}","templated":true}]}}