{"id":50440,"date":"2026-09-01T16:00:00","date_gmt":"2026-09-01T14:00:00","guid":{"rendered":"https:\/\/www.timevision.it\/news\/?p=50440"},"modified":"2026-08-27T11:26:15","modified_gmt":"2026-08-27T09:26:15","slug":"bando-mimit-competenze-pmi-sud-2026-automotive-e-moda-tessile-hanno-una-corsia-preferenziale","status":"publish","type":"post","link":"https:\/\/www.timevision.it\/news\/aziende\/formazione-dipendenti\/bando-mimit-competenze-pmi-sud-2026-automotive-e-moda-tessile-hanno-una-corsia-preferenziale\/","title":{"rendered":"Bando MIMIT competenze PMI Sud 2026: automotive e moda\/tessile hanno una corsia preferenziale"},"content":{"rendered":"\n<p>Il bando <strong>MIMIT Sviluppo Competenze PMI Sud 2026<\/strong> riserva il 40% della dotazione totale (circa 4 milioni di euro sui 12 a disposizione) alle PMI delle filiere <strong>automotive e moda\/tessile\/arredamento<\/strong> del Mezzogiorno. La seconda finestra \u00e8 aperta dal 10 settembre al 21 dicembre 2026. Le PMI di questi settori competono quindi su una quota separata, con meno concorrenza rispetto alla quota generale.<\/p>\n\n\n\n<p>La quota riservata non \u00e8 automatica: la <strong>PMI deve qualificare il proprio progetto formativo come coerente <\/strong>con le esigenze di queste filiere prioritarie e dimostrarlo nella documentazione di candidatura. Ma il vantaggio numerico \u00e8 reale \u2014 le domande provenienti da questi settori vengono valutate su una graduatoria dedicata, separata da quella della quota generale. Per una PMI del tessile campano o dell&#8217;automotive pugliese, questo \u00e8 un vantaggio da sfruttare subito. <br><em>Aggiornato a settembre 2026.<\/em><\/p>\n\n\n\n<div class=\"wp-block-buttons is-content-justification-center is-layout-flex wp-container-core-buttons-is-layout-1 wp-block-buttons-is-layout-flex\">\n<div class=\"wp-block-button\"><a class=\"wp-block-button__link has-primary-background-color has-background wp-element-button\" href=\"https:\/\/www.timevision.it\/bando-sviluppo-competenze-2026-pmi-sud\/\" target=\"_blank\" rel=\"noreferrer noopener\"><strong>MAGGIORI INFO QUI<\/strong><\/a><\/div>\n<\/div>\n\n\n\n\n\n<h2 class=\"wp-block-heading\">Bando MIMIT competenze PMI automotive moda Sud 2026: cosa ottiene concretamente la tua azienda<\/h2>\n\n\n\n<p>Un piano formativo da <strong>60.000 euro con contributo al 70% vale 42.000 euro a fondo perduto per la formazione del personale<\/strong>. Per una PMI manifatturiera pugliese o campana che sta attraversando la transizione verso l&#8217;elettrico o l&#8217;automazione, formare il personale sulle nuove competenze tecnologiche non \u00e8 una scelta \u2014 \u00e8 una necessit\u00e0. Il bando trasforma quella necessit\u00e0 in un costo che la misura copre in larga parte, senza dover dimostrare di essere gi\u00e0 al passo con la transizione: basta dimostrare di volerci andare.<\/p>\n\n\n\n<h2 class=\"wp-block-heading\">L&#8217;errore pi\u00f9 comune<\/h2>\n\n\n\n<p>L&#8217;<strong>errore pi\u00f9 frequente nelle filiere prioritarie \u00e8 non sapere di avere questa corsia preferenziale e presentare domanda sulla quota generale<\/strong>, dove la concorrenza \u00e8 pi\u00f9 alta. Il secondo errore \u00e8 presentare un piano formativo generico senza allinearlo esplicitamente alle traiettorie tecnologiche della Strategia Nazionale di Specializzazione Intelligente per il proprio settore: automotive significa competenze su elettrificazione, sistemi ADAS, meccatronica; moda\/tessile significa digitalizzazione dei processi produttivi, tracciabilit\u00e0, sostenibilit\u00e0. <strong>Time Vision costruisce questo allineamento nel dossier prima della candidatura.<\/strong><\/p>\n\n\n\n<h2 class=\"wp-block-heading\">Il ruolo di Time Vision<\/h2>\n\n\n\n<p>Time Vision vanta oltre 20 anni di esperienza nella consulenza alle aziende su formazione finanziata e bandi MIMIT, con operativit\u00e0 diretta in Campania e Puglia anche nelle filiere automotive e moda\/tessile. <strong><a href=\"https:\/\/www.timevision.it\/bando-sviluppo-competenze-2026-pmi-sud\/\" target=\"_blank\" rel=\"noreferrer noopener\">Richiedi una consulenza dedicata Time Vision.<\/a><\/strong><\/p>\n\n\n\n<div id=\"wp-block-themeisle-blocks-accordion-7d8a491f\" class=\"wp-block-themeisle-blocks-accordion exclusive\">\n<details class=\"wp-block-themeisle-blocks-accordion-item\"><summary class=\"wp-block-themeisle-blocks-accordion-item__title\"><div><strong>La quota riservata del 40% vale sia per l&#8217;automotive sia per la moda\/tessile?<\/strong><\/div><\/summary><div class=\"wp-block-themeisle-blocks-accordion-item__content\">\n<p>S\u00ec: la riserva del 40% riguarda entrambe le filiere congiuntamente. Le PMI automotive e quelle moda\/tessile\/arredamento competono su questa stessa quota separata rispetto alla quota generale.<\/p>\n<\/div><\/details>\n\n\n\n<details class=\"wp-block-themeisle-blocks-accordion-item\"><summary class=\"wp-block-themeisle-blocks-accordion-item__title\"><div><strong>Qual \u00e8 la scadenza per presentare domanda nella seconda finestra?<\/strong><\/div><\/summary><div class=\"wp-block-themeisle-blocks-accordion-item__content\">\n<p>Le domande si presentano dalle ore 12:00 del 10 settembre 2026 alle ore 12:00 del 21 dicembre 2026.<\/p>\n<\/div><\/details>\n\n\n\n<details class=\"wp-block-themeisle-blocks-accordion-item\"><summary class=\"wp-block-themeisle-blocks-accordion-item__title\"><div><strong>Una PMI che ha partecipato alla prima finestra pu\u00f2 ripresentare domanda?<\/strong><\/div><\/summary><div class=\"wp-block-themeisle-blocks-accordion-item__content\">\n<p>No, non si pu\u00f2. Le risorse del secondo sportello (circa 12,4 milioni di euro) provengono dai residui della prima finestra e sono destinate esclusivamente a favorire l&#8217;ingresso di <strong>nuovi soggetti beneficiari<\/strong><\/p>\n<\/div><\/details>\n<\/div>\n\n\n\n<p><\/p>\n","protected":false},"excerpt":{"rendered":"<p>Il bando MIMIT Sviluppo Competenze PMI Sud 2026 riserva il 40% della dotazione totale (circa 4 milioni di euro sui 12 a disposizione) alle PMI delle filiere automotive e moda\/tessile\/arredamento del Mezzogiorno. La seconda finestra \u00e8 aperta dal 10 settembre al 21 dicembre 2026. Le PMI di questi settori competono quindi su una quota separata,&#8230;<\/p>\n","protected":false},"author":11,"featured_media":50441,"comment_status":"closed","ping_status":"closed","sticky":false,"template":"","format":"standard","meta":{"_acf_changed":false,"content-type":"","inline_featured_image":false,"_themeisle_gutenberg_block_has_review":false,"footnotes":""},"categories":[5],"tags":[2783,2784],"class_list":["post-50440","post","type-post","status-publish","format-standard","has-post-thumbnail","hentry","category-formazione-dipendenti","tag-bando-mimit-sviluppo-competenze","tag-formazione-finanziata-pmi-sud"],"acf":[],"yoast_head":"<!-- This site is optimized with the Yoast SEO Premium plugin v19.5 (Yoast SEO v25.6) - https:\/\/yoast.com\/wordpress\/plugins\/seo\/ -->\n<title>Bando MIMIT competenze PMI Sud | Time Vision&quot;<\/title>\n<meta name=\"description\" content=\"Bando MIMIT PMI Sud 2026: 40% riservato ad automotive e moda\/tessile. Seconda finestra 10 sett-21 dic. Consulenza dedicata\" \/>\n<meta name=\"robots\" content=\"index, follow, max-snippet:-1, max-image-preview:large, max-video-preview:-1\" \/>\n<link rel=\"canonical\" href=\"https:\/\/www.timevision.it\/news\/aziende\/formazione-dipendenti\/bando-mimit-competenze-pmi-sud-2026-automotive-e-moda-tessile-hanno-una-corsia-preferenziale\/\" \/>\n<meta property=\"og:locale\" content=\"it_IT\" \/>\n<meta property=\"og:type\" content=\"article\" \/>\n<meta property=\"og:title\" content=\"Bando MIMIT competenze PMI Sud 2026: automotive e moda\/tessile hanno una corsia preferenziale\" \/>\n<meta property=\"og:description\" content=\"Bando MIMIT PMI Sud 2026: 40% riservato ad automotive e moda\/tessile. Seconda finestra 10 sett-21 dic. Consulenza dedicata\" \/>\n<meta property=\"og:url\" content=\"https:\/\/www.timevision.it\/news\/aziende\/formazione-dipendenti\/bando-mimit-competenze-pmi-sud-2026-automotive-e-moda-tessile-hanno-una-corsia-preferenziale\/\" \/>\n<meta property=\"og:site_name\" content=\"News Formazione\" \/>\n<meta property=\"article:publisher\" content=\"https:\/\/www.facebook.com\/timevision\" \/>\n<meta property=\"article:author\" content=\"https:\/\/www.facebook.com\/diletta.turco\" \/>\n<meta property=\"article:published_time\" content=\"2026-09-01T14:00:00+00:00\" \/>\n<meta property=\"og:image\" content=\"https:\/\/www.timevision.it\/news\/wp-content\/uploads\/2026\/08\/bando-mimit-competenze-pmi-automotive-moda-sud-2026-pmi.png\" \/>\n\t<meta property=\"og:image:width\" content=\"1600\" \/>\n\t<meta property=\"og:image:height\" content=\"900\" \/>\n\t<meta property=\"og:image:type\" content=\"image\/png\" \/>\n<meta name=\"author\" content=\"Diletta Turco\" \/>\n<meta name=\"twitter:card\" content=\"summary_large_image\" \/>\n<meta name=\"twitter:creator\" content=\"@DilettaTurco\" \/>\n<meta name=\"twitter:site\" content=\"@time_vision\" \/>\n<meta name=\"twitter:label1\" content=\"Scritto da\" \/>\n\t<meta name=\"twitter:data1\" content=\"Diletta Turco\" \/>\n\t<meta name=\"twitter:label2\" content=\"Tempo di lettura stimato\" \/>\n\t<meta name=\"twitter:data2\" content=\"3 minuti\" \/>\n<!-- \/ Yoast SEO Premium plugin. -->","yoast_head_json":{"title":"Bando MIMIT competenze PMI Sud | Time Vision\"","description":"Bando MIMIT PMI Sud 2026: 40% riservato ad automotive e moda\/tessile. Seconda finestra 10 sett-21 dic. Consulenza dedicata","robots":{"index":"index","follow":"follow","max-snippet":"max-snippet:-1","max-image-preview":"max-image-preview:large","max-video-preview":"max-video-preview:-1"},"canonical":"https:\/\/www.timevision.it\/news\/aziende\/formazione-dipendenti\/bando-mimit-competenze-pmi-sud-2026-automotive-e-moda-tessile-hanno-una-corsia-preferenziale\/","og_locale":"it_IT","og_type":"article","og_title":"Bando MIMIT competenze PMI Sud 2026: automotive e moda\/tessile hanno una corsia preferenziale","og_description":"Bando MIMIT PMI Sud 2026: 40% riservato ad automotive e moda\/tessile. Seconda finestra 10 sett-21 dic. Consulenza dedicata","og_url":"https:\/\/www.timevision.it\/news\/aziende\/formazione-dipendenti\/bando-mimit-competenze-pmi-sud-2026-automotive-e-moda-tessile-hanno-una-corsia-preferenziale\/","og_site_name":"News Formazione","article_publisher":"https:\/\/www.facebook.com\/timevision","article_author":"https:\/\/www.facebook.com\/diletta.turco","article_published_time":"2026-09-01T14:00:00+00:00","og_image":[{"width":1600,"height":900,"url":"https:\/\/www.timevision.it\/news\/wp-content\/uploads\/2026\/08\/bando-mimit-competenze-pmi-automotive-moda-sud-2026-pmi.png","type":"image\/png"}],"author":"Diletta Turco","twitter_card":"summary_large_image","twitter_creator":"@DilettaTurco","twitter_site":"@time_vision","twitter_misc":{"Scritto da":"Diletta Turco","Tempo di lettura stimato":"3 minuti"},"schema":{"@context":"https:\/\/schema.org","@graph":[{"@type":"Article","@id":"https:\/\/www.timevision.it\/news\/aziende\/formazione-dipendenti\/bando-mimit-competenze-pmi-sud-2026-automotive-e-moda-tessile-hanno-una-corsia-preferenziale\/#article","isPartOf":{"@id":"https:\/\/www.timevision.it\/news\/aziende\/formazione-dipendenti\/bando-mimit-competenze-pmi-sud-2026-automotive-e-moda-tessile-hanno-una-corsia-preferenziale\/"},"author":{"name":"Diletta Turco","@id":"https:\/\/www.timevision.it\/news\/#\/schema\/person\/5a1041a51d0449213a1d41fc9525dce0"},"headline":"Bando MIMIT competenze PMI Sud 2026: automotive e moda\/tessile hanno una corsia preferenziale","datePublished":"2026-09-01T14:00:00+00:00","mainEntityOfPage":{"@id":"https:\/\/www.timevision.it\/news\/aziende\/formazione-dipendenti\/bando-mimit-competenze-pmi-sud-2026-automotive-e-moda-tessile-hanno-una-corsia-preferenziale\/"},"wordCount":460,"publisher":{"@id":"https:\/\/www.timevision.it\/news\/#organization"},"image":{"@id":"https:\/\/www.timevision.it\/news\/aziende\/formazione-dipendenti\/bando-mimit-competenze-pmi-sud-2026-automotive-e-moda-tessile-hanno-una-corsia-preferenziale\/#primaryimage"},"thumbnailUrl":"https:\/\/www.timevision.it\/news\/wp-content\/uploads\/2026\/08\/bando-mimit-competenze-pmi-automotive-moda-sud-2026-pmi.png","keywords":["bando mimit sviluppo competenze","formazione finanziata pmi sud"],"articleSection":["Formazione dipendenti"],"inLanguage":"it-IT","copyrightYear":"2026","copyrightHolder":{"@id":"https:\/\/www.timevision.it\/news\/#organization"}},{"@type":"WebPage","@id":"https:\/\/www.timevision.it\/news\/aziende\/formazione-dipendenti\/bando-mimit-competenze-pmi-sud-2026-automotive-e-moda-tessile-hanno-una-corsia-preferenziale\/","url":"https:\/\/www.timevision.it\/news\/aziende\/formazione-dipendenti\/bando-mimit-competenze-pmi-sud-2026-automotive-e-moda-tessile-hanno-una-corsia-preferenziale\/","name":"Bando MIMIT competenze PMI Sud | Time Vision\"","isPartOf":{"@id":"https:\/\/www.timevision.it\/news\/#website"},"primaryImageOfPage":{"@id":"https:\/\/www.timevision.it\/news\/aziende\/formazione-dipendenti\/bando-mimit-competenze-pmi-sud-2026-automotive-e-moda-tessile-hanno-una-corsia-preferenziale\/#primaryimage"},"image":{"@id":"https:\/\/www.timevision.it\/news\/aziende\/formazione-dipendenti\/bando-mimit-competenze-pmi-sud-2026-automotive-e-moda-tessile-hanno-una-corsia-preferenziale\/#primaryimage"},"thumbnailUrl":"https:\/\/www.timevision.it\/news\/wp-content\/uploads\/2026\/08\/bando-mimit-competenze-pmi-automotive-moda-sud-2026-pmi.png","datePublished":"2026-09-01T14:00:00+00:00","description":"Bando MIMIT PMI Sud 2026: 40% riservato ad automotive e moda\/tessile. Seconda finestra 10 sett-21 dic. Consulenza dedicata","breadcrumb":{"@id":"https:\/\/www.timevision.it\/news\/aziende\/formazione-dipendenti\/bando-mimit-competenze-pmi-sud-2026-automotive-e-moda-tessile-hanno-una-corsia-preferenziale\/#breadcrumb"},"inLanguage":"it-IT","potentialAction":[{"@type":"ReadAction","target":["https:\/\/www.timevision.it\/news\/aziende\/formazione-dipendenti\/bando-mimit-competenze-pmi-sud-2026-automotive-e-moda-tessile-hanno-una-corsia-preferenziale\/"]}]},{"@type":"ImageObject","inLanguage":"it-IT","@id":"https:\/\/www.timevision.it\/news\/aziende\/formazione-dipendenti\/bando-mimit-competenze-pmi-sud-2026-automotive-e-moda-tessile-hanno-una-corsia-preferenziale\/#primaryimage","url":"https:\/\/www.timevision.it\/news\/wp-content\/uploads\/2026\/08\/bando-mimit-competenze-pmi-automotive-moda-sud-2026-pmi.png","contentUrl":"https:\/\/www.timevision.it\/news\/wp-content\/uploads\/2026\/08\/bando-mimit-competenze-pmi-automotive-moda-sud-2026-pmi.png","width":1600,"height":900,"caption":"Bando MIMIT Sviluppo Competenze PMI Sud 2026: 40% quota riservata automotive e moda\/tessile, 12 milioni totali, seconda finestra 10 sett-21 dic. Fonte: MIMIT"},{"@type":"BreadcrumbList","@id":"https:\/\/www.timevision.it\/news\/aziende\/formazione-dipendenti\/bando-mimit-competenze-pmi-sud-2026-automotive-e-moda-tessile-hanno-una-corsia-preferenziale\/#breadcrumb","itemListElement":[{"@type":"ListItem","position":1,"name":"Home","item":"https:\/\/www.timevision.it\/news\/"},{"@type":"ListItem","position":2,"name":"Bando MIMIT competenze PMI Sud 2026: automotive e moda\/tessile hanno una corsia preferenziale"}]},{"@type":"WebSite","@id":"https:\/\/www.timevision.it\/news\/#website","url":"https:\/\/www.timevision.it\/news\/","name":"Timevision","description":"Offrire alle imprese soluzioni ad hoc in materia del lavoro","publisher":{"@id":"https:\/\/www.timevision.it\/news\/#organization"},"potentialAction":[{"@type":"SearchAction","target":{"@type":"EntryPoint","urlTemplate":"https:\/\/www.timevision.it\/news\/?s={search_term_string}"},"query-input":{"@type":"PropertyValueSpecification","valueRequired":true,"valueName":"search_term_string"}}],"inLanguage":"it-IT"},{"@type":"Organization","@id":"https:\/\/www.timevision.it\/news\/#organization","name":"Timevision scarl","url":"https:\/\/www.timevision.it\/news\/","logo":{"@type":"ImageObject","inLanguage":"it-IT","@id":"https:\/\/www.timevision.it\/news\/#\/schema\/logo\/image\/","url":"https:\/\/www.timevision.it\/news\/wp-content\/uploads\/2020\/11\/logo-timevision-news.png","contentUrl":"https:\/\/www.timevision.it\/news\/wp-content\/uploads\/2020\/11\/logo-timevision-news.png","width":183,"height":32,"caption":"Timevision scarl"},"image":{"@id":"https:\/\/www.timevision.it\/news\/#\/schema\/logo\/image\/"},"sameAs":["https:\/\/www.facebook.com\/timevision","https:\/\/x.com\/time_vision","https:\/\/www.instagram.com\/_timevision_\/","https:\/\/www.linkedin.com\/company\/time-vision","https:\/\/www.youtube.com\/channel\/UC9s4MGbUHcN_HNbhqEiwfLg?view_as=subscriber"]},{"@type":"Person","@id":"https:\/\/www.timevision.it\/news\/#\/schema\/person\/5a1041a51d0449213a1d41fc9525dce0","name":"Diletta Turco","image":{"@type":"ImageObject","inLanguage":"it-IT","@id":"https:\/\/www.timevision.it\/news\/#\/schema\/person\/image\/","url":"https:\/\/secure.gravatar.com\/avatar\/9b24d533616d2cc913d205757462de8c?s=96&d=mm&r=g","contentUrl":"https:\/\/secure.gravatar.com\/avatar\/9b24d533616d2cc913d205757462de8c?s=96&d=mm&r=g","caption":"Diletta Turco"},"description":"Sono una giornalista con la passione per l'economia e il racconto d'impresa. Credo nella potenza della parola, soprattutto se accompagnata dai giusti obiettivi di comunicazione.","sameAs":["https:\/\/www.facebook.com\/diletta.turco","https:\/\/www.linkedin.com\/in\/diletta-turco-752016180\/","https:\/\/x.com\/DilettaTurco"],"url":"https:\/\/www.timevision.it\/news\/author\/diletta-turco\/"}]}},"_links":{"self":[{"href":"https:\/\/www.timevision.it\/news\/wp-json\/wp\/v2\/posts\/50440"}],"collection":[{"href":"https:\/\/www.timevision.it\/news\/wp-json\/wp\/v2\/posts"}],"about":[{"href":"https:\/\/www.timevision.it\/news\/wp-json\/wp\/v2\/types\/post"}],"author":[{"embeddable":true,"href":"https:\/\/www.timevision.it\/news\/wp-json\/wp\/v2\/users\/11"}],"replies":[{"embeddable":true,"href":"https:\/\/www.timevision.it\/news\/wp-json\/wp\/v2\/comments?post=50440"}],"version-history":[{"count":3,"href":"https:\/\/www.timevision.it\/news\/wp-json\/wp\/v2\/posts\/50440\/revisions"}],"predecessor-version":[{"id":50470,"href":"https:\/\/www.timevision.it\/news\/wp-json\/wp\/v2\/posts\/50440\/revisions\/50470"}],"wp:featuredmedia":[{"embeddable":true,"href":"https:\/\/www.timevision.it\/news\/wp-json\/wp\/v2\/media\/50441"}],"wp:attachment":[{"href":"https:\/\/www.timevision.it\/news\/wp-json\/wp\/v2\/media?parent=50440"}],"wp:term":[{"taxonomy":"category","embeddable":true,"href":"https:\/\/www.timevision.it\/news\/wp-json\/wp\/v2\/categories?post=50440"},{"taxonomy":"post_tag","embeddable":true,"href":"https:\/\/www.timevision.it\/news\/wp-json\/wp\/v2\/tags?post=50440"}],"curies":[{"name":"wp","href":"https:\/\/api.w.org\/{rel}","templated":true}]}}