{"id":50451,"date":"2026-09-03T11:00:00","date_gmt":"2026-09-03T09:00:00","guid":{"rendered":"https:\/\/www.timevision.it\/news\/?p=50451"},"modified":"2026-08-27T11:28:06","modified_gmt":"2026-08-27T09:28:06","slug":"reinserimento-lavorativo-gratuito-lombardia-il-percorso-per-adulti-che-vogliono-tornare-al-lavoro","status":"publish","type":"post","link":"https:\/\/www.timevision.it\/news\/persone\/lavoro\/programmi-di-supporto\/reinserimento-lavorativo-gratuito-lombardia-il-percorso-per-adulti-che-vogliono-tornare-al-lavoro\/","title":{"rendered":"Reinserimento lavorativo gratuito Lombardia: il percorso per adulti che vogliono tornare al lavoro"},"content":{"rendered":"\n<p>Il progetto <strong>Bridge to Work<\/strong> offre percorsi gratuiti di reinserimento lavorativo per adulti tra 30 e 65 anni inattivi o disoccupati residenti in Lombardia. Finanziato dal PR FSE+ 2021-2027 della Regione Lombardia, include <strong>orientamento professionale, coaching e supporto psicologico<\/strong> per chi incontra barriere motivazionali nel tornare al lavoro, e <strong>mediazione linguistica<\/strong> per i cittadini stranieri.<\/p>\n\n\n\n<p>La distanza dal mercato del lavoro non \u00e8 solo una questione di competenze aggiornate: spesso \u00e8 una questione di fiducia in se stessi che si \u00e8 consumata nel tempo. Bridge to Work lavora su entrambe le dimensioni \u2014 quella professionale e quella personale \u2014 perch\u00e9 sa che non si ritorna a lavorare solo con un CV aggiornato. <br><em>Aggiornato a settembre 2026.<\/em><\/p>\n\n\n\n<div class=\"wp-block-buttons is-content-justification-center is-layout-flex wp-container-core-buttons-is-layout-1 wp-block-buttons-is-layout-flex\">\n<div class=\"wp-block-button\"><a class=\"wp-block-button__link has-success-background-color has-background wp-element-button\" href=\"https:\/\/www.timevision.it\/bridge-to-work\/\" target=\"_blank\" rel=\"noreferrer noopener\"><strong>PARTECIPA A BRIDGE TO WORK<\/strong><\/a><\/div>\n<\/div>\n\n\n\n\n\n<h3 class=\"wp-block-heading\">Reinserimento lavorativo gratuito adulti Lombardia 2026: cosa ottieni davvero<\/h3>\n\n\n\n<p>Tre servizi concreti, costruiti su misura per chi \u00e8 fermo:<\/p>\n\n\n\n<ul class=\"wp-block-list\">\n<li><strong>Orientamento e bilancio delle competenze<\/strong> \u2014 un&#8217;analisi di ci\u00f2 che sai fare, anche se non lo hai fatto in un contesto formale negli ultimi anni. Da l\u00ec si costruisce un piano professionale reale, non generico, orientato alle opportunit\u00e0 effettive nel mercato del lavoro lombardo.<\/li>\n\n\n\n<li><strong>Coaching e supporto psicologico<\/strong> \u2014 sessioni mirate a recuperare l&#8217;autostima e superare il blocco mentale che impedisce di presentarsi con fiducia a un colloquio. Non \u00e8 terapia: \u00e8 un accompagnamento pratico che molti percorsi di orientamento tradizionali ignorano, e che Bridge to Work ha inserito come servizio strutturato.<\/li>\n\n\n\n<li><strong>Mediazione linguistica<\/strong> \u2014 per i cittadini stranieri, un supporto dedicato che abbatte le barriere linguistiche e facilita l&#8217;integrazione nel contesto lavorativo locale.<\/li>\n<\/ul>\n\n\n\n<p>L&#8217;obiettivo finale \u00e8 concreto: <strong>colloqui diretti con le aziende, attivazione di tirocini, e quando possibile firma di un contratto.<\/strong><\/p>\n\n\n\n<h3 class=\"wp-block-heading\">Chi pu\u00f2 accedere e come iscriversi<\/h3>\n\n\n\n<p><strong>Requisiti:<\/strong><\/p>\n\n\n\n<ul class=\"wp-block-list\">\n<li>Et\u00e0 tra 30 e 65 anni<\/li>\n\n\n\n<li>Residenza o domicilio in Lombardia<\/li>\n\n\n\n<li>Condizione di inattivit\u00e0 o disoccupazione senza contratti o tirocini attivi<\/li>\n\n\n\n<li>Non essere gi\u00e0 coinvolto in altre politiche attive del lavoro in corso<\/li>\n<\/ul>\n\n\n\n<p>Come iscriversi:<\/p>\n\n\n\n<ol class=\"wp-block-list\">\n<li><strong>Contatta<\/strong> Time Vision alla sede di Milano (02 8278 9101) o Bergamo (035 0453742), oppure cliccando nei link di questa pagina \u2014 il primo colloquio \u00e8 gratuito e senza impegno.<\/li>\n\n\n\n<li><strong>Incontra<\/strong> un orientatore che valuta la tua situazione e definisce insieme a te il percorso pi\u00f9 adatto.<\/li>\n\n\n\n<li><strong>Inizia<\/strong> il percorso al tuo ritmo: orientamento, coaching e accesso alla rete di aziende partner.<\/li>\n<\/ol>\n\n\n\n<h3 class=\"wp-block-heading\">Time Vision ti accompagna<\/h3>\n\n\n\n<p>Time Vision ha oltre 20 anni di esperienza nella consulenza a persone in cerca di lavoro e alle aziende, ed \u00e8 capofila del progetto <strong>Bridge to Work<\/strong> con sede operativa a Milano e Bergamo. <strong><a href=\"https:\/\/www.timevision.it\/bridge-to-work\/\" target=\"_blank\" rel=\"noreferrer noopener\">Prenota il tuo colloquio. Servizio 100% gratuito, nessun impegno.<\/a><\/strong><\/p>\n\n\n\n<div id=\"wp-block-themeisle-blocks-accordion-c949246b\" class=\"wp-block-themeisle-blocks-accordion exclusive\">\n<details class=\"wp-block-themeisle-blocks-accordion-item\"><summary class=\"wp-block-themeisle-blocks-accordion-item__title\"><div><strong>Quanto tempo dura il percorso di Bridge to Work?<\/strong><\/div><\/summary><div class=\"wp-block-themeisle-blocks-accordion-item__content\">\n<p>Non c&#8217;\u00e8 una durata fissa uguale per tutti: il percorso viene calibrato sulla situazione di ogni persona. Alcune fasi \u2014 come il bilancio delle competenze o le sessioni di coaching \u2014 si svolgono in incontri individuali e di gruppo distribuiti nel tempo. L&#8217;orientatore definisce il piano nel primo colloquio gratuito.<\/p>\n<\/div><\/details>\n\n\n\n<details class=\"wp-block-themeisle-blocks-accordion-item\"><summary class=\"wp-block-themeisle-blocks-accordion-item__title\"><div><strong>Perch\u00e9 Bridge to Work include il supporto psicologico?<\/strong><\/div><\/summary><div class=\"wp-block-themeisle-blocks-accordion-item__content\">\n<p>Perch\u00e9 chi \u00e8 lontano dal lavoro da tempo spesso incontra barriere motivazionali reali \u2014 non solo competenze da aggiornare. Il coaching psicologico \u00e8 un servizio strutturato del progetto, non un&#8217;aggiunta opzionale: \u00e8 parte integrante del percorso di reinserimento.<\/p>\n<\/div><\/details>\n\n\n\n<details class=\"wp-block-themeisle-blocks-accordion-item\"><summary class=\"wp-block-themeisle-blocks-accordion-item__title\"><div><strong>Il progetto \u00e8 disponibile anche per i cittadini stranieri residenti a Milano o Bergamo?<\/strong><\/div><\/summary><div class=\"wp-block-themeisle-blocks-accordion-item__content\">\n<p>S\u00ec: Bridge to Work include un servizio dedicato di mediazione linguistica e interculturale specificamente per facilitare l&#8217;accesso ai servizi e l&#8217;integrazione nel contesto lavorativo locale.<\/p>\n<\/div><\/details>\n<\/div>\n\n\n\n<p><\/p>\n","protected":false},"excerpt":{"rendered":"<p>Il progetto Bridge to Work offre percorsi gratuiti di reinserimento lavorativo per adulti tra 30 e 65 anni inattivi o disoccupati residenti in Lombardia. Finanziato dal PR FSE+ 2021-2027 della Regione Lombardia, include orientamento professionale, coaching e supporto psicologico per chi incontra barriere motivazionali nel tornare al lavoro, e mediazione linguistica per i cittadini stranieri&#8230;.<\/p>\n","protected":false},"author":11,"featured_media":50452,"comment_status":"closed","ping_status":"closed","sticky":false,"template":"","format":"standard","meta":{"_acf_changed":false,"content-type":"","inline_featured_image":false,"_themeisle_gutenberg_block_has_review":false,"footnotes":""},"categories":[509],"tags":[2787,2786],"class_list":["post-50451","post","type-post","status-publish","format-standard","has-post-thumbnail","hentry","category-programmi-di-supporto","tag-bridge-to-work","tag-reinserimento-lavoro-adulti-lombardia"],"acf":[],"yoast_head":"<!-- This site is optimized with the Yoast SEO Premium plugin v19.5 (Yoast SEO v25.6) - https:\/\/yoast.com\/wordpress\/plugins\/seo\/ -->\n<title>Reinserimento lavorativo gratuito Lombardia | Time Vision<\/title>\n<meta name=\"description\" content=\"Reinserimento lavorativo gratuito adulti Lombardia. Orientamento, coaching psicologico, accesso alle aziende | Time Vision\" \/>\n<meta name=\"robots\" content=\"index, follow, max-snippet:-1, max-image-preview:large, max-video-preview:-1\" \/>\n<link rel=\"canonical\" href=\"https:\/\/www.timevision.it\/news\/persone\/lavoro\/programmi-di-supporto\/reinserimento-lavorativo-gratuito-lombardia-il-percorso-per-adulti-che-vogliono-tornare-al-lavoro\/\" \/>\n<meta property=\"og:locale\" content=\"it_IT\" \/>\n<meta property=\"og:type\" content=\"article\" \/>\n<meta property=\"og:title\" content=\"Reinserimento lavorativo gratuito Lombardia: il percorso per adulti che vogliono tornare al lavoro\" \/>\n<meta property=\"og:description\" content=\"Reinserimento lavorativo gratuito adulti Lombardia. Orientamento, coaching psicologico, accesso alle aziende | Time Vision\" \/>\n<meta property=\"og:url\" content=\"https:\/\/www.timevision.it\/news\/persone\/lavoro\/programmi-di-supporto\/reinserimento-lavorativo-gratuito-lombardia-il-percorso-per-adulti-che-vogliono-tornare-al-lavoro\/\" \/>\n<meta property=\"og:site_name\" content=\"News Formazione\" \/>\n<meta property=\"article:publisher\" content=\"https:\/\/www.facebook.com\/timevision\" \/>\n<meta property=\"article:author\" content=\"https:\/\/www.facebook.com\/diletta.turco\" \/>\n<meta property=\"article:published_time\" content=\"2026-09-03T09:00:00+00:00\" \/>\n<meta property=\"og:image\" content=\"https:\/\/www.timevision.it\/news\/wp-content\/uploads\/2026\/08\/reinserimento-lavorativo-gratuito-adulti-lombardia-2026.png\" \/>\n\t<meta property=\"og:image:width\" content=\"1600\" \/>\n\t<meta property=\"og:image:height\" content=\"900\" \/>\n\t<meta property=\"og:image:type\" content=\"image\/png\" \/>\n<meta name=\"author\" content=\"Diletta Turco\" \/>\n<meta name=\"twitter:card\" content=\"summary_large_image\" \/>\n<meta name=\"twitter:creator\" content=\"@DilettaTurco\" \/>\n<meta name=\"twitter:site\" content=\"@time_vision\" \/>\n<meta name=\"twitter:label1\" content=\"Scritto da\" \/>\n\t<meta name=\"twitter:data1\" content=\"Diletta Turco\" \/>\n\t<meta name=\"twitter:label2\" content=\"Tempo di lettura stimato\" \/>\n\t<meta name=\"twitter:data2\" content=\"4 minuti\" \/>\n<!-- \/ Yoast SEO Premium plugin. -->","yoast_head_json":{"title":"Reinserimento lavorativo gratuito Lombardia | Time Vision","description":"Reinserimento lavorativo gratuito adulti Lombardia. Orientamento, coaching psicologico, accesso alle aziende | Time Vision","robots":{"index":"index","follow":"follow","max-snippet":"max-snippet:-1","max-image-preview":"max-image-preview:large","max-video-preview":"max-video-preview:-1"},"canonical":"https:\/\/www.timevision.it\/news\/persone\/lavoro\/programmi-di-supporto\/reinserimento-lavorativo-gratuito-lombardia-il-percorso-per-adulti-che-vogliono-tornare-al-lavoro\/","og_locale":"it_IT","og_type":"article","og_title":"Reinserimento lavorativo gratuito Lombardia: il percorso per adulti che vogliono tornare al lavoro","og_description":"Reinserimento lavorativo gratuito adulti Lombardia. Orientamento, coaching psicologico, accesso alle aziende | Time Vision","og_url":"https:\/\/www.timevision.it\/news\/persone\/lavoro\/programmi-di-supporto\/reinserimento-lavorativo-gratuito-lombardia-il-percorso-per-adulti-che-vogliono-tornare-al-lavoro\/","og_site_name":"News Formazione","article_publisher":"https:\/\/www.facebook.com\/timevision","article_author":"https:\/\/www.facebook.com\/diletta.turco","article_published_time":"2026-09-03T09:00:00+00:00","og_image":[{"width":1600,"height":900,"url":"https:\/\/www.timevision.it\/news\/wp-content\/uploads\/2026\/08\/reinserimento-lavorativo-gratuito-adulti-lombardia-2026.png","type":"image\/png"}],"author":"Diletta Turco","twitter_card":"summary_large_image","twitter_creator":"@DilettaTurco","twitter_site":"@time_vision","twitter_misc":{"Scritto da":"Diletta Turco","Tempo di lettura stimato":"4 minuti"},"schema":{"@context":"https:\/\/schema.org","@graph":[{"@type":"Article","@id":"https:\/\/www.timevision.it\/news\/persone\/lavoro\/programmi-di-supporto\/reinserimento-lavorativo-gratuito-lombardia-il-percorso-per-adulti-che-vogliono-tornare-al-lavoro\/#article","isPartOf":{"@id":"https:\/\/www.timevision.it\/news\/persone\/lavoro\/programmi-di-supporto\/reinserimento-lavorativo-gratuito-lombardia-il-percorso-per-adulti-che-vogliono-tornare-al-lavoro\/"},"author":{"name":"Diletta Turco","@id":"https:\/\/www.timevision.it\/news\/#\/schema\/person\/5a1041a51d0449213a1d41fc9525dce0"},"headline":"Reinserimento lavorativo gratuito Lombardia: il percorso per adulti che vogliono tornare al lavoro","datePublished":"2026-09-03T09:00:00+00:00","mainEntityOfPage":{"@id":"https:\/\/www.timevision.it\/news\/persone\/lavoro\/programmi-di-supporto\/reinserimento-lavorativo-gratuito-lombardia-il-percorso-per-adulti-che-vogliono-tornare-al-lavoro\/"},"wordCount":554,"publisher":{"@id":"https:\/\/www.timevision.it\/news\/#organization"},"image":{"@id":"https:\/\/www.timevision.it\/news\/persone\/lavoro\/programmi-di-supporto\/reinserimento-lavorativo-gratuito-lombardia-il-percorso-per-adulti-che-vogliono-tornare-al-lavoro\/#primaryimage"},"thumbnailUrl":"https:\/\/www.timevision.it\/news\/wp-content\/uploads\/2026\/08\/reinserimento-lavorativo-gratuito-adulti-lombardia-2026.png","keywords":["bridge to work","reinserimento lavoro adulti lombardia"],"articleSection":["Programmi di supporto"],"inLanguage":"it-IT","copyrightYear":"2026","copyrightHolder":{"@id":"https:\/\/www.timevision.it\/news\/#organization"}},{"@type":"WebPage","@id":"https:\/\/www.timevision.it\/news\/persone\/lavoro\/programmi-di-supporto\/reinserimento-lavorativo-gratuito-lombardia-il-percorso-per-adulti-che-vogliono-tornare-al-lavoro\/","url":"https:\/\/www.timevision.it\/news\/persone\/lavoro\/programmi-di-supporto\/reinserimento-lavorativo-gratuito-lombardia-il-percorso-per-adulti-che-vogliono-tornare-al-lavoro\/","name":"Reinserimento lavorativo gratuito Lombardia | Time Vision","isPartOf":{"@id":"https:\/\/www.timevision.it\/news\/#website"},"primaryImageOfPage":{"@id":"https:\/\/www.timevision.it\/news\/persone\/lavoro\/programmi-di-supporto\/reinserimento-lavorativo-gratuito-lombardia-il-percorso-per-adulti-che-vogliono-tornare-al-lavoro\/#primaryimage"},"image":{"@id":"https:\/\/www.timevision.it\/news\/persone\/lavoro\/programmi-di-supporto\/reinserimento-lavorativo-gratuito-lombardia-il-percorso-per-adulti-che-vogliono-tornare-al-lavoro\/#primaryimage"},"thumbnailUrl":"https:\/\/www.timevision.it\/news\/wp-content\/uploads\/2026\/08\/reinserimento-lavorativo-gratuito-adulti-lombardia-2026.png","datePublished":"2026-09-03T09:00:00+00:00","description":"Reinserimento lavorativo gratuito adulti Lombardia. Orientamento, coaching psicologico, accesso alle aziende | Time Vision","breadcrumb":{"@id":"https:\/\/www.timevision.it\/news\/persone\/lavoro\/programmi-di-supporto\/reinserimento-lavorativo-gratuito-lombardia-il-percorso-per-adulti-che-vogliono-tornare-al-lavoro\/#breadcrumb"},"inLanguage":"it-IT","potentialAction":[{"@type":"ReadAction","target":["https:\/\/www.timevision.it\/news\/persone\/lavoro\/programmi-di-supporto\/reinserimento-lavorativo-gratuito-lombardia-il-percorso-per-adulti-che-vogliono-tornare-al-lavoro\/"]}]},{"@type":"ImageObject","inLanguage":"it-IT","@id":"https:\/\/www.timevision.it\/news\/persone\/lavoro\/programmi-di-supporto\/reinserimento-lavorativo-gratuito-lombardia-il-percorso-per-adulti-che-vogliono-tornare-al-lavoro\/#primaryimage","url":"https:\/\/www.timevision.it\/news\/wp-content\/uploads\/2026\/08\/reinserimento-lavorativo-gratuito-adulti-lombardia-2026.png","contentUrl":"https:\/\/www.timevision.it\/news\/wp-content\/uploads\/2026\/08\/reinserimento-lavorativo-gratuito-adulti-lombardia-2026.png","width":1600,"height":900,"caption":"Bridge to Work: percorso gratuito reinserimento lavorativo adulti 30-65 anni, Milano e Bergamo, PR FSE+ 2021-2027, CUP E82E26000550009. Fonte: Regione Lombardia."},{"@type":"BreadcrumbList","@id":"https:\/\/www.timevision.it\/news\/persone\/lavoro\/programmi-di-supporto\/reinserimento-lavorativo-gratuito-lombardia-il-percorso-per-adulti-che-vogliono-tornare-al-lavoro\/#breadcrumb","itemListElement":[{"@type":"ListItem","position":1,"name":"Home","item":"https:\/\/www.timevision.it\/news\/"},{"@type":"ListItem","position":2,"name":"Reinserimento lavorativo gratuito Lombardia: il percorso per adulti che vogliono tornare al lavoro"}]},{"@type":"WebSite","@id":"https:\/\/www.timevision.it\/news\/#website","url":"https:\/\/www.timevision.it\/news\/","name":"Timevision","description":"Offrire alle imprese soluzioni ad hoc in materia del lavoro","publisher":{"@id":"https:\/\/www.timevision.it\/news\/#organization"},"potentialAction":[{"@type":"SearchAction","target":{"@type":"EntryPoint","urlTemplate":"https:\/\/www.timevision.it\/news\/?s={search_term_string}"},"query-input":{"@type":"PropertyValueSpecification","valueRequired":true,"valueName":"search_term_string"}}],"inLanguage":"it-IT"},{"@type":"Organization","@id":"https:\/\/www.timevision.it\/news\/#organization","name":"Timevision scarl","url":"https:\/\/www.timevision.it\/news\/","logo":{"@type":"ImageObject","inLanguage":"it-IT","@id":"https:\/\/www.timevision.it\/news\/#\/schema\/logo\/image\/","url":"https:\/\/www.timevision.it\/news\/wp-content\/uploads\/2020\/11\/logo-timevision-news.png","contentUrl":"https:\/\/www.timevision.it\/news\/wp-content\/uploads\/2020\/11\/logo-timevision-news.png","width":183,"height":32,"caption":"Timevision scarl"},"image":{"@id":"https:\/\/www.timevision.it\/news\/#\/schema\/logo\/image\/"},"sameAs":["https:\/\/www.facebook.com\/timevision","https:\/\/x.com\/time_vision","https:\/\/www.instagram.com\/_timevision_\/","https:\/\/www.linkedin.com\/company\/time-vision","https:\/\/www.youtube.com\/channel\/UC9s4MGbUHcN_HNbhqEiwfLg?view_as=subscriber"]},{"@type":"Person","@id":"https:\/\/www.timevision.it\/news\/#\/schema\/person\/5a1041a51d0449213a1d41fc9525dce0","name":"Diletta Turco","image":{"@type":"ImageObject","inLanguage":"it-IT","@id":"https:\/\/www.timevision.it\/news\/#\/schema\/person\/image\/","url":"https:\/\/secure.gravatar.com\/avatar\/9b24d533616d2cc913d205757462de8c?s=96&d=mm&r=g","contentUrl":"https:\/\/secure.gravatar.com\/avatar\/9b24d533616d2cc913d205757462de8c?s=96&d=mm&r=g","caption":"Diletta Turco"},"description":"Sono una giornalista con la passione per l'economia e il racconto d'impresa. Credo nella potenza della parola, soprattutto se accompagnata dai giusti obiettivi di comunicazione.","sameAs":["https:\/\/www.facebook.com\/diletta.turco","https:\/\/www.linkedin.com\/in\/diletta-turco-752016180\/","https:\/\/x.com\/DilettaTurco"],"url":"https:\/\/www.timevision.it\/news\/author\/diletta-turco\/"}]}},"_links":{"self":[{"href":"https:\/\/www.timevision.it\/news\/wp-json\/wp\/v2\/posts\/50451"}],"collection":[{"href":"https:\/\/www.timevision.it\/news\/wp-json\/wp\/v2\/posts"}],"about":[{"href":"https:\/\/www.timevision.it\/news\/wp-json\/wp\/v2\/types\/post"}],"author":[{"embeddable":true,"href":"https:\/\/www.timevision.it\/news\/wp-json\/wp\/v2\/users\/11"}],"replies":[{"embeddable":true,"href":"https:\/\/www.timevision.it\/news\/wp-json\/wp\/v2\/comments?post=50451"}],"version-history":[{"count":4,"href":"https:\/\/www.timevision.it\/news\/wp-json\/wp\/v2\/posts\/50451\/revisions"}],"predecessor-version":[{"id":50474,"href":"https:\/\/www.timevision.it\/news\/wp-json\/wp\/v2\/posts\/50451\/revisions\/50474"}],"wp:featuredmedia":[{"embeddable":true,"href":"https:\/\/www.timevision.it\/news\/wp-json\/wp\/v2\/media\/50452"}],"wp:attachment":[{"href":"https:\/\/www.timevision.it\/news\/wp-json\/wp\/v2\/media?parent=50451"}],"wp:term":[{"taxonomy":"category","embeddable":true,"href":"https:\/\/www.timevision.it\/news\/wp-json\/wp\/v2\/categories?post=50451"},{"taxonomy":"post_tag","embeddable":true,"href":"https:\/\/www.timevision.it\/news\/wp-json\/wp\/v2\/tags?post=50451"}],"curies":[{"name":"wp","href":"https:\/\/api.w.org\/{rel}","templated":true}]}}