{"id":78,"name":"Silvia Valdr\u00e8","url":"","description":"<strong>Silvia Valdr\u00e8<\/strong> \u00e8 <strong>Grants Manager<\/strong> presso <strong>Junior Achievement Italia<\/strong> \ud83d\udcbc.\r\nSi occupa di <strong>progettazione europea<\/strong> e <strong>fundraising<\/strong>, trasformando <strong>idee<\/strong> in <strong>progetti dedicati ai giovani<\/strong>.\r\n\r\n\u00c8 specializzata nell\u2019accesso a <strong>bandi e finanziamenti<\/strong> nazionali ed europei sui temi dell\u2019<strong>educazione<\/strong>, della <strong>partecipazione giovanile<\/strong>, dell\u2019<strong>inclusione<\/strong>, dell\u2019<strong>imprenditorialit\u00e0<\/strong> e dell\u2019<strong>innovazione<\/strong> \ud83c\udf0d.\r\nCrede che il <strong>cambiamento<\/strong> nasca prima di tutto da una <strong>buona idea<\/strong> e da una <strong>missione condivisa<\/strong> \u2728.","link":"https:\/\/www.timevision.it\/timetotalk\/creator\/silvia-valdre\/","slug":"silvia-valdre","avatar_urls":{"24":"https:\/\/secure.gravatar.com\/avatar\/e4a5f27d3e79ed96b7af90ae4f3e4f603d931f41c73279e23b1586bbcd35c91c?s=24&d=mm&r=g","48":"https:\/\/secure.gravatar.com\/avatar\/e4a5f27d3e79ed96b7af90ae4f3e4f603d931f41c73279e23b1586bbcd35c91c?s=48&d=mm&r=g","96":"https:\/\/secure.gravatar.com\/avatar\/e4a5f27d3e79ed96b7af90ae4f3e4f603d931f41c73279e23b1586bbcd35c91c?s=96&d=mm&r=g"},"meta":[],"acf":[],"yoast_head":"<!-- This site is optimized with the Yoast SEO plugin v25.3 - https:\/\/yoast.com\/wordpress\/plugins\/seo\/ -->\n<title>Silvia Valdr\u00e8, Creator presso Timetotalk.it<\/title>\n<meta name=\"description\" content=\"- Time To Talk - Timevision\" \/>\n<meta name=\"robots\" content=\"index, follow, max-snippet:-1, max-image-preview:large, max-video-preview:-1\" \/>\n<link rel=\"canonical\" href=\"https:\/\/www.timevision.it\/timetotalk\/creator\/silvia-valdre\/\" \/>\n<meta property=\"og:locale\" content=\"it_IT\" \/>\n<meta property=\"og:type\" content=\"profile\" \/>\n<meta property=\"og:title\" content=\"Silvia Valdr\u00e8, Creator presso Timetotalk.it\" \/>\n<meta property=\"og:description\" content=\"- Time To Talk - Timevision\" \/>\n<meta property=\"og:url\" content=\"https:\/\/www.timevision.it\/timetotalk\/creator\/silvia-valdre\/\" \/>\n<meta property=\"og:site_name\" content=\"Time To Talk - Timevision\" \/>\n<meta property=\"og:image\" content=\"https:\/\/www.timevision.it\/timetotalk\/wp-content\/uploads\/2026\/07\/ChatGPT-Image-22-lug-2026-11_01_21-1.png\" \/>\n\t<meta property=\"og:image:width\" content=\"1254\" \/>\n\t<meta property=\"og:image:height\" content=\"1254\" \/>\n\t<meta property=\"og:image:type\" content=\"image\/png\" \/>\n<meta name=\"twitter:card\" content=\"summary_large_image\" \/>\n<script type=\"application\/ld+json\" class=\"yoast-schema-graph\">{\"@context\":\"https:\/\/schema.org\",\"@graph\":[{\"@type\":\"ProfilePage\",\"@id\":\"https:\/\/www.timevision.it\/timetotalk\/creator\/silvia-valdre\/\",\"url\":\"https:\/\/www.timevision.it\/timetotalk\/creator\/silvia-valdre\/\",\"name\":\"Silvia Valdr\u00e8, Creator presso Timetotalk.it\",\"isPartOf\":{\"@id\":\"https:\/\/www.timevision.it\/timetotalk\/#website\"},\"description\":\"- Time To Talk - Timevision\",\"breadcrumb\":{\"@id\":\"https:\/\/www.timevision.it\/timetotalk\/creator\/silvia-valdre\/#breadcrumb\"},\"inLanguage\":\"it-IT\",\"potentialAction\":[{\"@type\":\"ReadAction\",\"target\":[\"https:\/\/www.timevision.it\/timetotalk\/creator\/silvia-valdre\/\"]}]},{\"@type\":\"BreadcrumbList\",\"@id\":\"https:\/\/www.timevision.it\/timetotalk\/creator\/silvia-valdre\/#breadcrumb\",\"itemListElement\":[{\"@type\":\"ListItem\",\"position\":1,\"name\":\"Home\",\"item\":\"https:\/\/www.timevision.it\/timetotalk\/\"},{\"@type\":\"ListItem\",\"position\":2,\"name\":\"Archivi per Silvia Valdr\u00e8\"}]},{\"@type\":\"WebSite\",\"@id\":\"https:\/\/www.timevision.it\/timetotalk\/#website\",\"url\":\"https:\/\/www.timevision.it\/timetotalk\/\",\"name\":\"Time To Talk - Timevision\",\"description\":\"\",\"publisher\":{\"@id\":\"https:\/\/www.timevision.it\/timetotalk\/#organization\"},\"potentialAction\":[{\"@type\":\"SearchAction\",\"target\":{\"@type\":\"EntryPoint\",\"urlTemplate\":\"https:\/\/www.timevision.it\/timetotalk\/?s={search_term_string}\"},\"query-input\":{\"@type\":\"PropertyValueSpecification\",\"valueRequired\":true,\"valueName\":\"search_term_string\"}}],\"inLanguage\":\"it-IT\"},{\"@type\":\"Organization\",\"@id\":\"https:\/\/www.timevision.it\/timetotalk\/#organization\",\"name\":\"Time To Talk - Timevision\",\"url\":\"https:\/\/www.timevision.it\/timetotalk\/\",\"logo\":{\"@type\":\"ImageObject\",\"inLanguage\":\"it-IT\",\"@id\":\"https:\/\/www.timevision.it\/timetotalk\/#\/schema\/logo\/image\/\",\"url\":\"\",\"contentUrl\":\"\",\"caption\":\"Time To Talk - Timevision\"},\"image\":{\"@id\":\"https:\/\/www.timevision.it\/timetotalk\/#\/schema\/logo\/image\/\"}},{\"@type\":\"Person\",\"@id\":\"https:\/\/www.timevision.it\/timetotalk\/#\/schema\/person\/a73e99578fc08155f75b1b7042f93a5c\",\"name\":\"Silvia Valdr\u00e8\",\"image\":{\"@type\":\"ImageObject\",\"inLanguage\":\"it-IT\",\"@id\":\"https:\/\/www.timevision.it\/timetotalk\/#\/schema\/person\/image\/1118f6f73be3d1cf3ed824f95535129a\",\"url\":\"https:\/\/www.timevision.it\/timetotalk\/wp-content\/uploads\/2026\/07\/ChatGPT-Image-22-lug-2026-11_01_21-1.png\",\"contentUrl\":\"https:\/\/www.timevision.it\/timetotalk\/wp-content\/uploads\/2026\/07\/ChatGPT-Image-22-lug-2026-11_01_21-1.png\",\"caption\":\"Silvia Valdr\u00e8\"},\"description\":\"Silvia Valdr\u00e8 \u00e8 Grants Manager presso Junior Achievement Italia \ud83d\udcbc. Si occupa di progettazione europea e fundraising, trasformando idee in progetti dedicati ai giovani. \u00c8 specializzata nell\u2019accesso a bandi e finanziamenti nazionali ed europei sui temi dell\u2019educazione, della partecipazione giovanile, dell\u2019inclusione, dell\u2019imprenditorialit\u00e0 e dell\u2019innovazione \ud83c\udf0d. Crede che il cambiamento nasca prima di tutto da una buona idea e da una missione condivisa \u2728.\",\"sameAs\":[\"https:\/\/www.linkedin.com\/in\/silvia-valdr-9a0509202\/\"],\"mainEntityOfPage\":{\"@id\":\"https:\/\/www.timevision.it\/timetotalk\/creator\/silvia-valdre\/\"}}]}<\/script>\n<!-- \/ Yoast SEO plugin. -->","yoast_head_json":{"title":"Silvia Valdr\u00e8, Creator presso Timetotalk.it","description":"- Time To Talk - Timevision","robots":{"index":"index","follow":"follow","max-snippet":"max-snippet:-1","max-image-preview":"max-image-preview:large","max-video-preview":"max-video-preview:-1"},"canonical":"https:\/\/www.timevision.it\/timetotalk\/creator\/silvia-valdre\/","og_locale":"it_IT","og_type":"profile","og_title":"Silvia Valdr\u00e8, Creator presso Timetotalk.it","og_description":"- Time To Talk - Timevision","og_url":"https:\/\/www.timevision.it\/timetotalk\/creator\/silvia-valdre\/","og_site_name":"Time To Talk - Timevision","og_image":[{"width":1254,"height":1254,"url":"https:\/\/www.timevision.it\/timetotalk\/wp-content\/uploads\/2026\/07\/ChatGPT-Image-22-lug-2026-11_01_21-1.png","type":"image\/png"}],"twitter_card":"summary_large_image","schema":{"@context":"https:\/\/schema.org","@graph":[{"@type":"ProfilePage","@id":"https:\/\/www.timevision.it\/timetotalk\/creator\/silvia-valdre\/","url":"https:\/\/www.timevision.it\/timetotalk\/creator\/silvia-valdre\/","name":"Silvia Valdr\u00e8, Creator presso Timetotalk.it","isPartOf":{"@id":"https:\/\/www.timevision.it\/timetotalk\/#website"},"description":"- Time To Talk - Timevision","breadcrumb":{"@id":"https:\/\/www.timevision.it\/timetotalk\/creator\/silvia-valdre\/#breadcrumb"},"inLanguage":"it-IT","potentialAction":[{"@type":"ReadAction","target":["https:\/\/www.timevision.it\/timetotalk\/creator\/silvia-valdre\/"]}]},{"@type":"BreadcrumbList","@id":"https:\/\/www.timevision.it\/timetotalk\/creator\/silvia-valdre\/#breadcrumb","itemListElement":[{"@type":"ListItem","position":1,"name":"Home","item":"https:\/\/www.timevision.it\/timetotalk\/"},{"@type":"ListItem","position":2,"name":"Archivi per Silvia Valdr\u00e8"}]},{"@type":"WebSite","@id":"https:\/\/www.timevision.it\/timetotalk\/#website","url":"https:\/\/www.timevision.it\/timetotalk\/","name":"Time To Talk - Timevision","description":"","publisher":{"@id":"https:\/\/www.timevision.it\/timetotalk\/#organization"},"potentialAction":[{"@type":"SearchAction","target":{"@type":"EntryPoint","urlTemplate":"https:\/\/www.timevision.it\/timetotalk\/?s={search_term_string}"},"query-input":{"@type":"PropertyValueSpecification","valueRequired":true,"valueName":"search_term_string"}}],"inLanguage":"it-IT"},{"@type":"Organization","@id":"https:\/\/www.timevision.it\/timetotalk\/#organization","name":"Time To Talk - Timevision","url":"https:\/\/www.timevision.it\/timetotalk\/","logo":{"@type":"ImageObject","inLanguage":"it-IT","@id":"https:\/\/www.timevision.it\/timetotalk\/#\/schema\/logo\/image\/","url":"","contentUrl":"","caption":"Time To Talk - Timevision"},"image":{"@id":"https:\/\/www.timevision.it\/timetotalk\/#\/schema\/logo\/image\/"}},{"@type":"Person","@id":"https:\/\/www.timevision.it\/timetotalk\/#\/schema\/person\/a73e99578fc08155f75b1b7042f93a5c","name":"Silvia Valdr\u00e8","image":{"@type":"ImageObject","inLanguage":"it-IT","@id":"https:\/\/www.timevision.it\/timetotalk\/#\/schema\/person\/image\/1118f6f73be3d1cf3ed824f95535129a","url":"https:\/\/www.timevision.it\/timetotalk\/wp-content\/uploads\/2026\/07\/ChatGPT-Image-22-lug-2026-11_01_21-1.png","contentUrl":"https:\/\/www.timevision.it\/timetotalk\/wp-content\/uploads\/2026\/07\/ChatGPT-Image-22-lug-2026-11_01_21-1.png","caption":"Silvia Valdr\u00e8"},"description":"Silvia Valdr\u00e8 \u00e8 Grants Manager presso Junior Achievement Italia \ud83d\udcbc. Si occupa di progettazione europea e fundraising, trasformando idee in progetti dedicati ai giovani. \u00c8 specializzata nell\u2019accesso a bandi e finanziamenti nazionali ed europei sui temi dell\u2019educazione, della partecipazione giovanile, dell\u2019inclusione, dell\u2019imprenditorialit\u00e0 e dell\u2019innovazione \ud83c\udf0d. Crede che il cambiamento nasca prima di tutto da una buona idea e da una missione condivisa \u2728.","sameAs":["https:\/\/www.linkedin.com\/in\/silvia-valdr-9a0509202\/"],"mainEntityOfPage":{"@id":"https:\/\/www.timevision.it\/timetotalk\/creator\/silvia-valdre\/"}}]}},"elementor_introduction":"","_links":{"self":[{"href":"https:\/\/www.timevision.it\/timetotalk\/wp-json\/wp\/v2\/users\/78","targetHints":{"allow":["GET"]}}],"collection":[{"href":"https:\/\/www.timevision.it\/timetotalk\/wp-json\/wp\/v2\/users"}]}}